{"id":93050,"date":"2018-03-02T20:25:21","date_gmt":"2018-03-02T23:25:21","guid":{"rendered":"http:\/\/diarioregionaljf.com.br\/2018\/03\/02\/in-moda-04-de-marco-de-2018\/"},"modified":"2018-03-02T20:25:21","modified_gmt":"2018-03-02T23:25:21","slug":"in-moda-04-de-marco-de-2018","status":"publish","type":"post","link":"https:\/\/diarioregionaldigital.com.br\/?p=93050","title":{"rendered":"In Moda &#8211; 04 de mar\u00e7o de 2018"},"content":{"rendered":"<h4 style=\"text-align: center;\"><strong>RADAR JF<\/strong><\/h4>\n<p>&nbsp;<\/p>\n<p><strong>BEM &#8211; VINDO<\/strong><\/p>\n<p>Caricatura lan\u00e7ou a cole\u00e7\u00e3o outono inverno &#8220;Bem-vindo&#8221;. Pe\u00e7as lindas que d\u00e3o boas vindas \u00e0 esta\u00e7\u00e3o mais charmosa do ano.<\/p>\n<p><img loading=\"lazy\" decoding=\"async\" class=\" size-full wp-image-93040\" src=\"http:\/\/diarioregionaljf.com.br\/wp-content\/uploads\/2018\/03\/diario-int-24703-1.jpeg\" alt=\"RADAR (2).jpeg\" width=\"455\" height=\"450\" srcset=\"https:\/\/diarioregionaldigital.com.br\/wp-content\/uploads\/2018\/03\/diario-int-24703-1.jpeg 455w, https:\/\/diarioregionaldigital.com.br\/wp-content\/uploads\/2018\/03\/diario-int-24703-1-300x297.jpeg 300w, https:\/\/diarioregionaldigital.com.br\/wp-content\/uploads\/2018\/03\/diario-int-24703-1-120x120.jpeg 120w, https:\/\/diarioregionaldigital.com.br\/wp-content\/uploads\/2018\/03\/diario-int-24703-1-360x356.jpeg 360w, https:\/\/diarioregionaldigital.com.br\/wp-content\/uploads\/2018\/03\/diario-int-24703-1-80x80.jpeg 80w\" sizes=\"auto, (max-width: 455px) 100vw, 455px\" \/><\/p>\n<p>&nbsp;<\/p>\n<p><strong>FALL COLECTION<\/strong><\/p>\n<p>Dia 6 de mar\u00e7o \u00e9 dia da Hill Store colocar nas lojas sua cole\u00e7\u00e3o de outono-inverno. Dani Hill traz as pe\u00e7as desejo da esta\u00e7\u00e3o, com o DNA inconfund\u00edvel da sua marca.<\/p>\n<p><img loading=\"lazy\" decoding=\"async\" class=\" size-full wp-image-93041\" src=\"http:\/\/diarioregionaljf.com.br\/wp-content\/uploads\/2018\/03\/diario-int-24703-2.jpeg\" alt=\"RADAR (1).jpeg\" width=\"362\" height=\"450\" srcset=\"https:\/\/diarioregionaldigital.com.br\/wp-content\/uploads\/2018\/03\/diario-int-24703-2.jpeg 362w, https:\/\/diarioregionaldigital.com.br\/wp-content\/uploads\/2018\/03\/diario-int-24703-2-241x300.jpeg 241w, https:\/\/diarioregionaldigital.com.br\/wp-content\/uploads\/2018\/03\/diario-int-24703-2-360x448.jpeg 360w\" sizes=\"auto, (max-width: 362px) 100vw, 362px\" \/><\/p>\n<p>&nbsp;<\/p>\n<h4 style=\"text-align: center;\">FASHION NEWS<\/h4>\n<p>&nbsp;<\/p>\n<p><strong>Adidas x Pharrell Williams<\/strong><\/p>\n<p>A mais nova colab de Pharrell Williams para a Adidas Originals j\u00e1 teve suas fotos divulgadas na internet. A cole\u00e7\u00e3o c\u00e1psula, intitulada Hu Holi, teve como inspira\u00e7\u00e3o o Holi Festival, festival que acontece na \u00cdndia. A paleta de cores conta com vermelho, amarelo, azul e verde, presente em t\u00eanis dos modelos Stan Smith e Tennis Hu PK, al\u00e9m de pe\u00e7as como camisetas e shorts. As pe\u00e7as chegam primeiro na \u00cdndia \u2013 dia 02.03 \u2013 e a partir do dia 16.03 estar\u00e3o dispon\u00edveis em todas as flags hips da marca e no site.<\/p>\n<p><img loading=\"lazy\" decoding=\"async\" class=\" size-full wp-image-93042\" src=\"http:\/\/diarioregionaljf.com.br\/wp-content\/uploads\/2018\/03\/diario-int-24703-3.jpg\" alt=\"ADIDAS X PHARRELL WILLIAMS.jpg\" width=\"675\" height=\"450\" srcset=\"https:\/\/diarioregionaldigital.com.br\/wp-content\/uploads\/2018\/03\/diario-int-24703-3.jpg 675w, https:\/\/diarioregionaldigital.com.br\/wp-content\/uploads\/2018\/03\/diario-int-24703-3-300x200.jpg 300w, https:\/\/diarioregionaldigital.com.br\/wp-content\/uploads\/2018\/03\/diario-int-24703-3-360x240.jpg 360w\" sizes=\"auto, (max-width: 675px) 100vw, 675px\" \/><\/p>\n<p>&nbsp;<\/p>\n<p><strong>MIL\u00c3O FASHION WEEK<\/strong><\/p>\n<p>No \u00faltimo dia 27 de fevereiro, aconteceu o encerramento da Semana de Moda de Mil\u00e3o! As grifes sa\u00edram do b\u00e1sico e as passarelas foram not\u00edcia no mundo! O In Moda separou os maiores destaques que voc\u00ea n\u00e3o pode deixar de conferir!<\/p>\n<p><strong>DIOR<\/strong><\/p>\n<p>Dior refor\u00e7ou tr\u00eas tend\u00eancias que prometem no Inverno 2019, mas j\u00e1 s\u00e3o inspira\u00e7\u00f5es incr\u00edveis para a nossa pr\u00f3xima esta\u00e7\u00e3o: o bordado, a transpar\u00eancia e a cintura marcada! Outros pontos que chamaram aten\u00e7\u00e3o foram o uso de muitos acess\u00f3rios de cabe\u00e7a, como gorros e chap\u00e9us e a presen\u00e7a de tons claros nas pe\u00e7as.<\/p>\n<p><img loading=\"lazy\" decoding=\"async\" class=\" size-full wp-image-93043\" src=\"http:\/\/diarioregionaljf.com.br\/wp-content\/uploads\/2018\/03\/diario-int-24703-4.jpg\" alt=\"DIOR.jpg\" width=\"322\" height=\"450\" srcset=\"https:\/\/diarioregionaldigital.com.br\/wp-content\/uploads\/2018\/03\/diario-int-24703-4.jpg 322w, https:\/\/diarioregionaldigital.com.br\/wp-content\/uploads\/2018\/03\/diario-int-24703-4-215x300.jpg 215w\" sizes=\"auto, (max-width: 322px) 100vw, 322px\" \/><\/p>\n<p>&nbsp;<\/p>\n<p><strong>MOSCHINO<\/strong><\/p>\n<p>O estilo Moschino n\u00e3o \u00e9 prato do mundo, mas \u00e9 ineg\u00e1vel que sua cole\u00e7\u00e3o \u00e9 sempre encantadora! Sempre colorida, Moschino trouxe modelos que remetem ao estilo Jacqueline Kennedy com ares dos cl\u00e1ssicos conjuntinhos dos anos 60 e vestidos tubinho, por\u00e9m, nada b\u00e1sicos!<\/p>\n<p><img loading=\"lazy\" decoding=\"async\" class=\" size-full wp-image-93044\" src=\"http:\/\/diarioregionaljf.com.br\/wp-content\/uploads\/2018\/03\/diario-int-24703-5.jpg\" alt=\"MOSCHINO.jpg\" width=\"300\" height=\"450\" srcset=\"https:\/\/diarioregionaldigital.com.br\/wp-content\/uploads\/2018\/03\/diario-int-24703-5.jpg 300w, https:\/\/diarioregionaldigital.com.br\/wp-content\/uploads\/2018\/03\/diario-int-24703-5-200x300.jpg 200w\" sizes=\"auto, (max-width: 300px) 100vw, 300px\" \/><\/p>\n<p>&nbsp;<\/p>\n<p><strong>PRADA<\/strong><\/p>\n<p>Sempre elegante, Prada fez o seu desfile em um fundo praticamente todo preto, e o oversize marcou presen\u00e7a em pe\u00e7as coloridas combinadas a meias e polainas altas, usadas com sand\u00e1lias abertas, que prometem ser a sensa\u00e7\u00e3o europ\u00e9ia do Inverno 2019!<\/p>\n<p><img loading=\"lazy\" decoding=\"async\" class=\" size-full wp-image-93045\" src=\"http:\/\/diarioregionaljf.com.br\/wp-content\/uploads\/2018\/03\/diario-int-24703-6.jpg\" alt=\"PRADA.jpg\" width=\"300\" height=\"450\" srcset=\"https:\/\/diarioregionaldigital.com.br\/wp-content\/uploads\/2018\/03\/diario-int-24703-6.jpg 300w, https:\/\/diarioregionaldigital.com.br\/wp-content\/uploads\/2018\/03\/diario-int-24703-6-200x300.jpg 200w\" sizes=\"auto, (max-width: 300px) 100vw, 300px\" \/><\/p>\n<p>&nbsp;<\/p>\n<p><strong>ARMANI<\/strong><\/p>\n<p>Os tons de cinza dominaram o desfile de Armani. Os detalhes ficam por conta de acess\u00f3rios chamativos combinados a pe\u00e7as de alfaiataria cl\u00e1ssica! Inspira\u00e7\u00e3o perfeita para os dias frios.<\/p>\n<p><img loading=\"lazy\" decoding=\"async\" class=\" size-full wp-image-93046\" src=\"http:\/\/diarioregionaljf.com.br\/wp-content\/uploads\/2018\/03\/diario-int-24703-7.jpg\" alt=\"ARMANI.jpg\" width=\"299\" height=\"450\" srcset=\"https:\/\/diarioregionaldigital.com.br\/wp-content\/uploads\/2018\/03\/diario-int-24703-7.jpg 299w, https:\/\/diarioregionaldigital.com.br\/wp-content\/uploads\/2018\/03\/diario-int-24703-7-199x300.jpg 199w\" sizes=\"auto, (max-width: 299px) 100vw, 299px\" \/><\/p>\n<p>&nbsp;<\/p>\n<p><strong>GUCCI<\/strong><\/p>\n<p>Voc\u00ea provavelmente ouviu falar do desfile da Gucci nestes dias! A grife abusou de detalhes incr\u00edveis na produ\u00e7\u00e3o, como uma modelo carregando a pr\u00f3pria cabe\u00e7a, filhotes de drag\u00e3o e um ciborgue, por exemplo. Mas o que dizer das roupas? O mix de estampas foi explorado para levantar mais uma vez as ideologias de g\u00eanero na moda.<\/p>\n<p><img loading=\"lazy\" decoding=\"async\" class=\" size-full wp-image-93047\" src=\"http:\/\/diarioregionaljf.com.br\/wp-content\/uploads\/2018\/03\/diario-int-24703-8.jpg\" alt=\"GUCCI.jpg\" width=\"299\" height=\"450\" srcset=\"https:\/\/diarioregionaldigital.com.br\/wp-content\/uploads\/2018\/03\/diario-int-24703-8.jpg 299w, https:\/\/diarioregionaldigital.com.br\/wp-content\/uploads\/2018\/03\/diario-int-24703-8-199x300.jpg 199w\" sizes=\"auto, (max-width: 299px) 100vw, 299px\" \/><\/p>\n<p>&nbsp;<\/p>\n<p><strong>DOLCE E GABBANA<\/strong><\/p>\n<p>Glamurosa como sempre, D&amp;G teve sua cole\u00e7\u00e3o cheia de brilhos e cores impactantes j\u00e1 esperados apresentados sob o tema \u201cFashion Devotion\u201d, por\u00e9m, a abertura do que foi considerado um verdadeiro espet\u00e1culo chamou a aten\u00e7\u00e3o do p\u00fablico: drones levaram as novas bolsas da marca pela passarela, em um desfile que provou que para os amantes do assunto: moda \u00e9 praticamente uma religi\u00e3o!<\/p>\n<p><img loading=\"lazy\" decoding=\"async\" class=\" size-full wp-image-93048\" src=\"http:\/\/diarioregionaljf.com.br\/wp-content\/uploads\/2018\/03\/diario-int-24703-9.jpg\" alt=\"DOLCE E GABBANA.jpg\" width=\"301\" height=\"450\" srcset=\"https:\/\/diarioregionaldigital.com.br\/wp-content\/uploads\/2018\/03\/diario-int-24703-9.jpg 301w, https:\/\/diarioregionaldigital.com.br\/wp-content\/uploads\/2018\/03\/diario-int-24703-9-201x300.jpg 201w\" sizes=\"auto, (max-width: 301px) 100vw, 301px\" \/><\/p>\n<p>&nbsp;<\/p>\n<h4 style=\"text-align: center;\">TRENDS<\/h4>\n<p>&nbsp;<\/p>\n<p><strong>Camuflagem<\/strong><\/p>\n<p>Estampas sempre d\u00e3o um jeito de levantar o look, e se tem uma que vira e mexe reaparece na produ\u00e7\u00e3o das fashionistas \u00e9 o camuflado! Cl\u00e1ssico, em verde militar, ele volta com tudo! Ideal para combinar com pe\u00e7a sem tons fortes como o vermelho em dias mais quentes ou cores neutras como o preto nos dias de inverno.<\/p>\n<p><img loading=\"lazy\" decoding=\"async\" class=\" size-full wp-image-93049\" src=\"http:\/\/diarioregionaljf.com.br\/wp-content\/uploads\/2018\/03\/diario-int-24703-10.jpg\" alt=\"CAMUFLAGEM.jpg\" width=\"266\" height=\"450\" srcset=\"https:\/\/diarioregionaldigital.com.br\/wp-content\/uploads\/2018\/03\/diario-int-24703-10.jpg 266w, https:\/\/diarioregionaldigital.com.br\/wp-content\/uploads\/2018\/03\/diario-int-24703-10-177x300.jpg 177w\" sizes=\"auto, (max-width: 266px) 100vw, 266px\" \/><\/p>\n<p>&nbsp;<\/p>\n<p>ANA PAULA CALIXTO<\/p>\n<p>COLABORADORAS:&nbsp;MARIANA MATOS E&nbsp;DEUSIANE DUARTE<\/p>\n","protected":false},"excerpt":{"rendered":"<p>RADAR JF &nbsp; BEM &#8211; VINDO Caricatura lan\u00e7ou a cole\u00e7\u00e3o outono inverno &#8220;Bem-vindo&#8221;. Pe\u00e7as lindas que d\u00e3o boas vindas \u00e0 esta\u00e7\u00e3o mais charmosa do ano. &nbsp; FALL COLECTION Dia 6 de mar\u00e7o \u00e9 dia da Hill Store colocar nas lojas sua cole\u00e7\u00e3o de outono-inverno. Dani Hill traz as pe\u00e7as desejo da esta\u00e7\u00e3o, com o DNA [&hellip;]<\/p>\n","protected":false},"author":96,"featured_media":93039,"comment_status":"closed","ping_status":"closed","sticky":false,"template":"","format":"standard","meta":{"footnotes":""},"categories":[285],"tags":[],"class_list":["post-93050","post","type-post","status-publish","format-standard","has-post-thumbnail","hentry","category-moda-ana-paula-calixto"],"_links":{"self":[{"href":"https:\/\/diarioregionaldigital.com.br\/index.php?rest_route=\/wp\/v2\/posts\/93050","targetHints":{"allow":["GET"]}}],"collection":[{"href":"https:\/\/diarioregionaldigital.com.br\/index.php?rest_route=\/wp\/v2\/posts"}],"about":[{"href":"https:\/\/diarioregionaldigital.com.br\/index.php?rest_route=\/wp\/v2\/types\/post"}],"author":[{"embeddable":true,"href":"https:\/\/diarioregionaldigital.com.br\/index.php?rest_route=\/wp\/v2\/users\/96"}],"replies":[{"embeddable":true,"href":"https:\/\/diarioregionaldigital.com.br\/index.php?rest_route=%2Fwp%2Fv2%2Fcomments&post=93050"}],"version-history":[{"count":0,"href":"https:\/\/diarioregionaldigital.com.br\/index.php?rest_route=\/wp\/v2\/posts\/93050\/revisions"}],"wp:featuredmedia":[{"embeddable":true,"href":"https:\/\/diarioregionaldigital.com.br\/index.php?rest_route=\/wp\/v2\/media\/93039"}],"wp:attachment":[{"href":"https:\/\/diarioregionaldigital.com.br\/index.php?rest_route=%2Fwp%2Fv2%2Fmedia&parent=93050"}],"wp:term":[{"taxonomy":"category","embeddable":true,"href":"https:\/\/diarioregionaldigital.com.br\/index.php?rest_route=%2Fwp%2Fv2%2Fcategories&post=93050"},{"taxonomy":"post_tag","embeddable":true,"href":"https:\/\/diarioregionaldigital.com.br\/index.php?rest_route=%2Fwp%2Fv2%2Ftags&post=93050"}],"curies":[{"name":"wp","href":"https:\/\/api.w.org\/{rel}","templated":true}]}}