{"id":93038,"date":"2018-03-02T20:25:16","date_gmt":"2018-03-02T23:25:16","guid":{"rendered":"http:\/\/diarioregionaljf.com.br\/2018\/03\/02\/fachin-inclui-temer-em-inquerito-que-investiga-repasses-da-odebrecht\/"},"modified":"2018-03-02T20:25:16","modified_gmt":"2018-03-02T23:25:16","slug":"fachin-inclui-temer-em-inquerito-que-investiga-repasses-da-odebrecht","status":"publish","type":"post","link":"https:\/\/diarioregionaldigital.com.br\/?p=93038","title":{"rendered":"Fachin inclui Temer em inqu\u00e9rito que investiga repasses da Odebrecht"},"content":{"rendered":"<p>O ministro Edson Fachin, do Supremo Tribunal Federal (STF), acatou pedido da Procuradoria-Geral da Rep\u00fablica (PGR) e incluiu o presidente Michel Temer como investigado em um inqu\u00e9rito da Lava Jato no qual j\u00e1 s\u00e3o investigados os ministros Eliseu Padilha (Casa Civil) e Moreira Franco (Secretaria-Geral da Presid\u00eancia).<\/p>\n<p>O caso envolve o suposto favorecimento da empresa Odebrecht durante o per\u00edodo em que Padilha e Moreira Franco foram ministros da Secretaria da Avia\u00e7\u00e3o Civil, entre os anos de 2013 e 2015.<\/p>\n<p>De acordo com depoimento de dela\u00e7\u00e3o premiada do ex-executivo da Odebrecht Claudio Melo Filho, houve um jantar no Pal\u00e1cio do Jaburu, em maio de 2014, para tratativas de um repasse de R$10 milh\u00f5es como forma de ajuda de campanha para o PMDB, atualmente MDB.<\/p>\n<p>Na \u00faltima ter\u00e7a-feira , 27 de fevereiro, a procuradora-geral da Rep\u00fablica, Raquel Dodge, enviou a manifesta\u00e7\u00e3o ao STF em que pediu a inclus\u00e3o de Temer no inqu\u00e9rito. Para isso, ela discordou do entendimento do ex-procurador Rodrigo Janot, que, no ano passado, decidiu n\u00e3o incluir Temer na investiga\u00e7\u00e3o, por entender que o presidente tem imunidade constitucional enquanto estiver no cargo.<\/p>\n<p>Para a procuradora, a Constitui\u00e7\u00e3o impede somente o oferecimento de uma eventual den\u00fancia contra os investigados, mas n\u00e3o a investiga\u00e7\u00e3o em si, sob pena da perda ou ocultamento de provas. Em decis\u00e3o dessa sexta-feira, 2, Fachin acatou os argumentos.<\/p>\n<p>\u201cCom efeito, a imunidade tempor\u00e1ria vertida no texto constitucional se al\u00e7a a obstar a responsabiliza\u00e7\u00e3o do presidente da Rep\u00fablica por atos estranhos ao exerc\u00edcio das fun\u00e7\u00f5es; mesmo nessa hip\u00f3tese (a de atos estranhos ao exerc\u00edcio das fun\u00e7\u00f5es) caberia proceder a investiga\u00e7\u00e3o a fim de, por exemplo, evitar dissipa\u00e7\u00e3o de provas, valendo aquela prote\u00e7\u00e3o constitucional apenas contra a responsabiliza\u00e7\u00e3o, e n\u00e3o em face da investiga\u00e7\u00e3o criminal em si\u201d, escreveu Fachin.<br \/>Na mesma decis\u00e3o, Fachin tamb\u00e9m autorizou a prorroga\u00e7\u00e3o das investiga\u00e7\u00f5es por mais 60 dias, a pedido da Pol\u00edcia Federal e da PGR.<\/p>\n<p>Na ter\u00e7a-feira, quando a procuradora apresentou o pedido a Fachin, o ministro da Secretaria de Governo, Carlos Marun, questionou a possibilidade de continuidade de uma investiga\u00e7\u00e3o contra Temer sobre fatos anteriores ao mandato de presidente da Rep\u00fablica. \u201cPelo que eu sei, neste momento, o presidente s\u00f3 pode ser efetivamente atingido por qualquer coisa acontecida no exerc\u00edcio do seu mandato\u201d.<\/p>\n<p>O ministro tamb\u00e9m disse que n\u00e3o h\u00e1 fatos contra o presidente. \u201cSe querem investigar, investiguem. Mais uma vez chegar\u00e3o \u00e0 conclus\u00e3o de que nada efetivamente atinge a pessoa do presidente, que \u00e9 um homem honrado, com um patrim\u00f4nio conforme a renda auferida em d\u00e9cadas de trabalho\u201d, disse Marun, em entrevista \u00e0 imprensa.<\/p>\n<p>Fonte: Ag\u00eancia Brasil<\/p>\n","protected":false},"excerpt":{"rendered":"<p>O ministro Edson Fachin, do Supremo Tribunal Federal (STF), acatou pedido da Procuradoria-Geral da Rep\u00fablica (PGR) e incluiu o presidente Michel Temer como investigado em um inqu\u00e9rito da Lava Jato no qual j\u00e1 s\u00e3o investigados os ministros Eliseu Padilha (Casa Civil) e Moreira Franco (Secretaria-Geral da Presid\u00eancia). O caso envolve o suposto favorecimento da empresa [&hellip;]<\/p>\n","protected":false},"author":96,"featured_media":93037,"comment_status":"closed","ping_status":"closed","sticky":false,"template":"","format":"standard","meta":{"footnotes":""},"categories":[254],"tags":[],"class_list":["post-93038","post","type-post","status-publish","format-standard","has-post-thumbnail","hentry","category-politica"],"_links":{"self":[{"href":"https:\/\/diarioregionaldigital.com.br\/index.php?rest_route=\/wp\/v2\/posts\/93038","targetHints":{"allow":["GET"]}}],"collection":[{"href":"https:\/\/diarioregionaldigital.com.br\/index.php?rest_route=\/wp\/v2\/posts"}],"about":[{"href":"https:\/\/diarioregionaldigital.com.br\/index.php?rest_route=\/wp\/v2\/types\/post"}],"author":[{"embeddable":true,"href":"https:\/\/diarioregionaldigital.com.br\/index.php?rest_route=\/wp\/v2\/users\/96"}],"replies":[{"embeddable":true,"href":"https:\/\/diarioregionaldigital.com.br\/index.php?rest_route=%2Fwp%2Fv2%2Fcomments&post=93038"}],"version-history":[{"count":0,"href":"https:\/\/diarioregionaldigital.com.br\/index.php?rest_route=\/wp\/v2\/posts\/93038\/revisions"}],"wp:featuredmedia":[{"embeddable":true,"href":"https:\/\/diarioregionaldigital.com.br\/index.php?rest_route=\/wp\/v2\/media\/93037"}],"wp:attachment":[{"href":"https:\/\/diarioregionaldigital.com.br\/index.php?rest_route=%2Fwp%2Fv2%2Fmedia&parent=93038"}],"wp:term":[{"taxonomy":"category","embeddable":true,"href":"https:\/\/diarioregionaldigital.com.br\/index.php?rest_route=%2Fwp%2Fv2%2Fcategories&post=93038"},{"taxonomy":"post_tag","embeddable":true,"href":"https:\/\/diarioregionaldigital.com.br\/index.php?rest_route=%2Fwp%2Fv2%2Ftags&post=93038"}],"curies":[{"name":"wp","href":"https:\/\/api.w.org\/{rel}","templated":true}]}}