{"id":93036,"date":"2018-03-02T20:16:08","date_gmt":"2018-03-02T23:16:08","guid":{"rendered":"http:\/\/diarioregionaljf.com.br\/2018\/03\/02\/click-in-moda-04-de-marco-de-2018\/"},"modified":"2018-03-02T20:16:08","modified_gmt":"2018-03-02T23:16:08","slug":"click-in-moda-04-de-marco-de-2018","status":"publish","type":"post","link":"https:\/\/diarioregionaldigital.com.br\/?p=93036","title":{"rendered":"Click in Moda &#8211; 04 de mar\u00e7o de 2018"},"content":{"rendered":"<p><strong>Dessa vez o click In Moda \u00e9 prata da casa! Visto lan\u00e7amento Le Lis Blanc no click de Igor Gentle, beleza de Igor Boscato.<\/strong><\/p>\n<p style=\"text-align: center;\"><img loading=\"lazy\" decoding=\"async\" class=\" size-full wp-image-93035\" src=\"http:\/\/diarioregionaljf.com.br\/wp-content\/uploads\/2018\/03\/diario-int-24701-1.jpg\" alt=\"click.jpg\" width=\"286\" height=\"450\" srcset=\"https:\/\/diarioregionaldigital.com.br\/wp-content\/uploads\/2018\/03\/diario-int-24701-1.jpg 286w, https:\/\/diarioregionaldigital.com.br\/wp-content\/uploads\/2018\/03\/diario-int-24701-1-191x300.jpg 191w\" sizes=\"auto, (max-width: 286px) 100vw, 286px\" \/><\/p>\n","protected":false},"excerpt":{"rendered":"<p>Dessa vez o click In Moda \u00e9 prata da casa! Visto lan\u00e7amento Le Lis Blanc no click de Igor Gentle, beleza de Igor Boscato.<\/p>\n","protected":false},"author":96,"featured_media":93034,"comment_status":"closed","ping_status":"closed","sticky":false,"template":"","format":"standard","meta":{"footnotes":""},"categories":[285],"tags":[],"class_list":["post-93036","post","type-post","status-publish","format-standard","has-post-thumbnail","hentry","category-moda-ana-paula-calixto"],"_links":{"self":[{"href":"https:\/\/diarioregionaldigital.com.br\/index.php?rest_route=\/wp\/v2\/posts\/93036","targetHints":{"allow":["GET"]}}],"collection":[{"href":"https:\/\/diarioregionaldigital.com.br\/index.php?rest_route=\/wp\/v2\/posts"}],"about":[{"href":"https:\/\/diarioregionaldigital.com.br\/index.php?rest_route=\/wp\/v2\/types\/post"}],"author":[{"embeddable":true,"href":"https:\/\/diarioregionaldigital.com.br\/index.php?rest_route=\/wp\/v2\/users\/96"}],"replies":[{"embeddable":true,"href":"https:\/\/diarioregionaldigital.com.br\/index.php?rest_route=%2Fwp%2Fv2%2Fcomments&post=93036"}],"version-history":[{"count":0,"href":"https:\/\/diarioregionaldigital.com.br\/index.php?rest_route=\/wp\/v2\/posts\/93036\/revisions"}],"wp:featuredmedia":[{"embeddable":true,"href":"https:\/\/diarioregionaldigital.com.br\/index.php?rest_route=\/wp\/v2\/media\/93034"}],"wp:attachment":[{"href":"https:\/\/diarioregionaldigital.com.br\/index.php?rest_route=%2Fwp%2Fv2%2Fmedia&parent=93036"}],"wp:term":[{"taxonomy":"category","embeddable":true,"href":"https:\/\/diarioregionaldigital.com.br\/index.php?rest_route=%2Fwp%2Fv2%2Fcategories&post=93036"},{"taxonomy":"post_tag","embeddable":true,"href":"https:\/\/diarioregionaldigital.com.br\/index.php?rest_route=%2Fwp%2Fv2%2Ftags&post=93036"}],"curies":[{"name":"wp","href":"https:\/\/api.w.org\/{rel}","templated":true}]}}