{"id":93030,"date":"2018-03-02T20:01:33","date_gmt":"2018-03-02T23:01:33","guid":{"rendered":"http:\/\/diarioregionaljf.com.br\/2018\/03\/02\/valorize-suas-qualidades\/"},"modified":"2018-04-16T08:10:37","modified_gmt":"2018-04-16T11:10:37","slug":"valorize-suas-qualidades","status":"publish","type":"post","link":"https:\/\/diarioregionaldigital.com.br\/?p=93030","title":{"rendered":"Valorize suas qualidades"},"content":{"rendered":"<p>\u00c1s vezes, voc\u00ea \u00e9 aconselhado a desenvolver seus pontos fracos. Tudo bem, pode at\u00e9 ser \u00fatil. Mas n\u00e3o gaste muita energia com isso. Melhor, mesmo, \u00e9 concentrar-se nas suas qualidades, sejam f\u00ed\u00acsicas, art\u00edsticas, pro\u00acfissionais, etc. Se eu tenho 1,60 metro de altura, n\u00e3o vou perder tempo aprendendo basquete. Posso treinar 24 horas por dia, 365 dias por ano, que nunca vou pertencer a uma sele\u00e7\u00e3o de bas\u00acque\u00acte. O mesmo aconteceria se eu, com mais de dois metros de altura, quisesse ser j\u00f3quei. Trabalhe no que voc\u00ea \u00e9 forte que o resto se fortalece.<\/p>\n<p>&nbsp;<\/p>\n<p>Semelhante atrai semelhante<\/p>\n<p>Voc\u00ea abre a torneira da sua casa e a \u00e1gua sai. Essa \u00e1gua, depois, vai para o esgoto. E, deste, para o rio e, depois, para o mar. Ou seja: \u00e1gua vai para onde tem \u00e1gua.<\/p>\n<p>E o dinheiro? Vai para quem?<\/p>\n<p>&#8211; Dinheiro vai para quem tem dinheiro! Sucesso vai para quem tem sucesso. Amor vai para quem tem amor. \u00d3dio para quem tem \u00f3dio.<\/p>\n<p>Coisas se\u00acme\u00aclhantes atra\u00acem coisas seme\u00aclhan\u00actes.<\/p>\n<p>Pen\u00acse em uma pessoa que voc\u00ea admira muito. Qualquer pessoa. Isso traz as qualidades que voc\u00ea admira nessa pessoa para perto da sua vida.<\/p>\n<p>Da mesma forma, quanto mais voc\u00ea pensar nos seus mo\u00acmentos bem-sucedidos, mais momentos bem-sucedidos acontecer\u00e3o na sua vida. N\u00e3o importa que voc\u00ea pense em sucessos acontecidos no passado, nem em que \u00e1rea da sua vida eles aconteceram, seja na profissional, afetiva, espiritual ou material. O importante \u00e9 a experi\u00eancia do sucesso que, quanto mais voc\u00ea pensa, mais se aproxima dela.<\/p>\n<p>Concentre-se em uma experi\u00eancia de sucesso, visualize-a na sua vida presente, e atraia mais sucesso para o seu futuro.<\/p>\n<p>Sucesso atrai SU\u00acCESSO, mas quem faz o seu sucesso \u00e9 voc\u00ea mesmo.<\/p>\n<p>&nbsp;<\/p>\n<p style=\"text-align: center;\"><strong>Dr. Lair Ribeiro &#8211; M\u00e9dico Cardiologista. Palestrante internacional, ex-diretor da Merck Sharp &amp; Dohme e da Ciba-Geigy Corporation, nos Estados Unidos, e autor de v\u00e1rios livros que se tornaram best-sellers no Brasil e em pa\u00edses da Am\u00e9rica Latina e da Europa.<\/strong><\/p>\n<p><img loading=\"lazy\" decoding=\"async\" class=\" size-full wp-image-93029\" src=\"http:\/\/diarioregionaljf.com.br\/wp-content\/uploads\/2018\/03\/diario-int-24699-1.png\" alt=\"lair ribeiro correta.png\" width=\"210\" height=\"249\" style=\"display: block; margin-left: auto; margin-right: auto;\" srcset=\"https:\/\/diarioregionaldigital.com.br\/wp-content\/uploads\/2018\/03\/diario-int-24699-1.png 354w, https:\/\/diarioregionaldigital.com.br\/wp-content\/uploads\/2018\/03\/diario-int-24699-1-253x300.png 253w\" sizes=\"auto, (max-width: 210px) 100vw, 210px\" \/><\/p>\n<p>&nbsp;<\/p>\n","protected":false},"excerpt":{"rendered":"<p>\u00c1s vezes, voc\u00ea \u00e9 aconselhado a desenvolver seus pontos fracos. Tudo bem, pode at\u00e9 ser \u00fatil. Mas n\u00e3o gaste muita energia com isso. Melhor, mesmo, \u00e9 concentrar-se nas suas qualidades, sejam f\u00ed\u00acsicas, art\u00edsticas, pro\u00acfissionais, etc. Se eu tenho 1,60 metro de altura, n\u00e3o vou perder tempo aprendendo basquete. Posso treinar 24 horas por dia, 365 [&hellip;]<\/p>\n","protected":false},"author":96,"featured_media":93028,"comment_status":"closed","ping_status":"closed","sticky":false,"template":"","format":"standard","meta":{"footnotes":""},"categories":[274],"tags":[],"class_list":["post-93030","post","type-post","status-publish","format-standard","has-post-thumbnail","hentry","category-dr-lair-ribeiro"],"_links":{"self":[{"href":"https:\/\/diarioregionaldigital.com.br\/index.php?rest_route=\/wp\/v2\/posts\/93030","targetHints":{"allow":["GET"]}}],"collection":[{"href":"https:\/\/diarioregionaldigital.com.br\/index.php?rest_route=\/wp\/v2\/posts"}],"about":[{"href":"https:\/\/diarioregionaldigital.com.br\/index.php?rest_route=\/wp\/v2\/types\/post"}],"author":[{"embeddable":true,"href":"https:\/\/diarioregionaldigital.com.br\/index.php?rest_route=\/wp\/v2\/users\/96"}],"replies":[{"embeddable":true,"href":"https:\/\/diarioregionaldigital.com.br\/index.php?rest_route=%2Fwp%2Fv2%2Fcomments&post=93030"}],"version-history":[{"count":0,"href":"https:\/\/diarioregionaldigital.com.br\/index.php?rest_route=\/wp\/v2\/posts\/93030\/revisions"}],"wp:featuredmedia":[{"embeddable":true,"href":"https:\/\/diarioregionaldigital.com.br\/index.php?rest_route=\/wp\/v2\/media\/93028"}],"wp:attachment":[{"href":"https:\/\/diarioregionaldigital.com.br\/index.php?rest_route=%2Fwp%2Fv2%2Fmedia&parent=93030"}],"wp:term":[{"taxonomy":"category","embeddable":true,"href":"https:\/\/diarioregionaldigital.com.br\/index.php?rest_route=%2Fwp%2Fv2%2Fcategories&post=93030"},{"taxonomy":"post_tag","embeddable":true,"href":"https:\/\/diarioregionaldigital.com.br\/index.php?rest_route=%2Fwp%2Fv2%2Ftags&post=93030"}],"curies":[{"name":"wp","href":"https:\/\/api.w.org\/{rel}","templated":true}]}}