{"id":93024,"date":"2018-03-02T18:59:23","date_gmt":"2018-03-02T21:59:23","guid":{"rendered":"http:\/\/diarioregionaljf.com.br\/2018\/03\/02\/policia-civil-deflagra-acao-e-captura-foragido-de-presidio-do-rio-de-janeiro\/"},"modified":"2018-03-02T18:59:23","modified_gmt":"2018-03-02T21:59:23","slug":"policia-civil-deflagra-acao-e-captura-foragido-de-presidio-do-rio-de-janeiro","status":"publish","type":"post","link":"https:\/\/diarioregionaldigital.com.br\/?p=93024","title":{"rendered":"Pol\u00edcia Civil deflagra a\u00e7\u00e3o e captura foragido de pres\u00eddio do Rio de Janeiro"},"content":{"rendered":"<p>A Pol\u00edcia Civil deflagrou nessa quinta-feira, 1\u00ba de mar\u00e7o, uma a\u00e7\u00e3o em Muria\u00e9, visando identificar, localizar e prender criminosos oriundos do estado do Rio de Janeiro que teriam cruzado a fronteira e adentrado no estado de Minas Gerais.<\/p>\n<p>Durante as dilig\u00eancias, um homem 40 anos foi preso em um lava a jato, ap\u00f3s cumprimento de mandado de pris\u00e3o expedido na comarca da cidade. No mesmo local, policiais civis encontraram Felipe Rocha Muniz, de 29 anos, que tentou fugir da abordagem ao entrar em um matagal, por\u00e9m foi capturado. Para n\u00e3o ser preso, Felipe forneceu dados falsos aos policiais, entretanto a equipe notou nervosismo e contradi\u00e7\u00f5es nas informa\u00e7\u00f5es prestadas pelo homem, que foi identificado pelo verdadeiro nome.<\/p>\n<p>Felipe \u00e9 um dos indiv\u00edduos mais procurados no estado do Rio de Janeiro, foragido de um pres\u00eddio na cidade de Campos dos Goytacazes (RJ) desde 3 de fevereiro. Em desfavor do suspeito, h\u00e1 tr\u00eas mandados de pris\u00e3o, sendo dois expedidos pela Justi\u00e7a do estado do Rio de Janeiro e um expedido pela Justi\u00e7a de Esp\u00edrito Santo.<\/p>\n<p>Conforme informa\u00e7\u00f5es do Delegado Regional de Muria\u00e9, Jos\u00e9 Roberto Machado Demetrio, o foragido \u00e9 um indiv\u00edduo de alt\u00edssima periculosidade e estaria ligado a uma fac\u00e7\u00e3o criminosa carioca. Al\u00e9m disso, ele tamb\u00e9m seria integrante de organiza\u00e7\u00f5es criminosas voltadas para o cometimento de roubos e furtos nos estados do Rio de Janeiro, S\u00e3o Paulo, Esp\u00edrito Santo e Minas Gerais.<\/p>\n<h4>&nbsp;<\/h4>\n<h4>DESDOBRAMENTOS DA \u201cOPERA\u00c7\u00c3O MIGRO\u201d<\/h4>\n<p>A\u00e7\u00f5es como a presente t\u00eam sido intensificadas na \u00e1rea do 4\u00ba Departamento de Pol\u00edcia Civil em Juiz de Fora, desde a realiza\u00e7\u00e3o da \u201cOpera\u00e7\u00e3o Migro\u201d, deflagrada no dia 23 de fevereiro. Na opera\u00e7\u00e3o \u201cMigro\u201d, a Pol\u00edcia Civil e demais for\u00e7as de seguran\u00e7a, com apoio de agentes da MRS Log\u00edstica, montaram postos de fiscaliza\u00e7\u00e3o nas principais vias de acesso entre os estados do Rio de Janeiro e Minas, inclusive ferrovi\u00e1rio, ap\u00f3s a decreta\u00e7\u00e3o, pelo Governo Federal, da interven\u00e7\u00e3o na seguran\u00e7a p\u00fablica do Rio de Janeiro.<\/p>\n<p>Na ocasi\u00e3o, aproximadamente 300 agentes participaram da opera\u00e7\u00e3o, atuando em 11 postos, mais precisamente nas diversas \u00e1reas das Delegacias Regionais de Pol\u00edcia Civil em Juiz de Fora (Sim\u00e3o Pereira, Matias Barbosa, Chiador e Rio Preto), em Leopoldina (Leopoldina, Al\u00e9m Para\u00edba e Pirapetinga) e em Muria\u00e9 (Palma, Tombos e Eugen\u00f3polis). Tamb\u00e9m foram realizadas vistorias em todos os vag\u00f5es das locomotivas vindas do Rio de Janeiro, inclusive com a atua\u00e7\u00e3o de drones da Pol\u00edcia Civil.<\/p>\n<p>Fonte: Assessoria<\/p>\n","protected":false},"excerpt":{"rendered":"<p>A Pol\u00edcia Civil deflagrou nessa quinta-feira, 1\u00ba de mar\u00e7o, uma a\u00e7\u00e3o em Muria\u00e9, visando identificar, localizar e prender criminosos oriundos do estado do Rio de Janeiro que teriam cruzado a fronteira e adentrado no estado de Minas Gerais. Durante as dilig\u00eancias, um homem 40 anos foi preso em um lava a jato, ap\u00f3s cumprimento de [&hellip;]<\/p>\n","protected":false},"author":96,"featured_media":93023,"comment_status":"closed","ping_status":"closed","sticky":false,"template":"","format":"standard","meta":{"footnotes":""},"categories":[252],"tags":[],"class_list":["post-93024","post","type-post","status-publish","format-standard","has-post-thumbnail","hentry","category-regiao"],"_links":{"self":[{"href":"https:\/\/diarioregionaldigital.com.br\/index.php?rest_route=\/wp\/v2\/posts\/93024","targetHints":{"allow":["GET"]}}],"collection":[{"href":"https:\/\/diarioregionaldigital.com.br\/index.php?rest_route=\/wp\/v2\/posts"}],"about":[{"href":"https:\/\/diarioregionaldigital.com.br\/index.php?rest_route=\/wp\/v2\/types\/post"}],"author":[{"embeddable":true,"href":"https:\/\/diarioregionaldigital.com.br\/index.php?rest_route=\/wp\/v2\/users\/96"}],"replies":[{"embeddable":true,"href":"https:\/\/diarioregionaldigital.com.br\/index.php?rest_route=%2Fwp%2Fv2%2Fcomments&post=93024"}],"version-history":[{"count":0,"href":"https:\/\/diarioregionaldigital.com.br\/index.php?rest_route=\/wp\/v2\/posts\/93024\/revisions"}],"wp:featuredmedia":[{"embeddable":true,"href":"https:\/\/diarioregionaldigital.com.br\/index.php?rest_route=\/wp\/v2\/media\/93023"}],"wp:attachment":[{"href":"https:\/\/diarioregionaldigital.com.br\/index.php?rest_route=%2Fwp%2Fv2%2Fmedia&parent=93024"}],"wp:term":[{"taxonomy":"category","embeddable":true,"href":"https:\/\/diarioregionaldigital.com.br\/index.php?rest_route=%2Fwp%2Fv2%2Fcategories&post=93024"},{"taxonomy":"post_tag","embeddable":true,"href":"https:\/\/diarioregionaldigital.com.br\/index.php?rest_route=%2Fwp%2Fv2%2Ftags&post=93024"}],"curies":[{"name":"wp","href":"https:\/\/api.w.org\/{rel}","templated":true}]}}