{"id":93020,"date":"2018-03-02T18:31:38","date_gmt":"2018-03-02T21:31:38","guid":{"rendered":"http:\/\/diarioregionaljf.com.br\/2018\/03\/02\/contas-de-agua-e-esgoto-ficam-mais-caras-a-partir-de-abril-em-juiz-de-fora\/"},"modified":"2018-03-02T18:31:38","modified_gmt":"2018-03-02T21:31:38","slug":"contas-de-agua-e-esgoto-ficam-mais-caras-a-partir-de-abril-em-juiz-de-fora","status":"publish","type":"post","link":"https:\/\/diarioregionaldigital.com.br\/?p=93020","title":{"rendered":"Contas de \u00e1gua e esgoto ficam mais caras a partir de abril em Juiz de Fora"},"content":{"rendered":"<p style=\"text-align: justify;\">A partir do dia 1\u00ba de abril de 2018, os juiz-foranos ter\u00e3o um reajuste m\u00e9dio de 0,66% nas contas de \u00e1gua e esgoto da Companhia de Saneamento Municipal (Cesama). O \u00edndice foi calculado e autorizado pela Ag\u00eancia Reguladora dos Servi\u00e7os de Abastecimento de \u00c1gua e de Esgotamento Sanit\u00e1rio do Estado de Minas Gerais (Arsae-MG) e foi publicado nessa sexta-feira, 2. Al\u00e9m disso, a popula\u00e7\u00e3o mais carente beneficiada pela Tarifa Social passa a ter um desconto de 50% com rela\u00e7\u00e3o ao valor normal da fatura. Antes a redu\u00e7\u00e3o dessa categoria era de at\u00e9 40%.<\/p>\n<p style=\"text-align: justify;\">Com as altera\u00e7\u00f5es, os usu\u00e1rios atendidos com \u00e1gua e esgoto, que residem em casa, consomem, por exemplo, mensalmente dez mil litros e que hoje pagam faturas no valor de R$49,55, passar\u00e3o a pagar R$51,71, um acr\u00e9scimo de R$2,16 por m\u00eas. J\u00e1 os moradores de apartamentos, com os mesmos servi\u00e7os e na mesma faixa de consumo, pagar\u00e3o contas no valor de R$59,66, um acr\u00e9scimo de R$ 0,72, em compara\u00e7\u00e3o com o valor atual de R$58,94.<\/p>\n<p style=\"text-align: justify;\">A Resolu\u00e7\u00e3o n\u00ba 107\/2018 autoriza o Reajuste Tarif\u00e1rio dos servi\u00e7os p\u00fablicos de abastecimento de \u00e1gua e esgotamento sanit\u00e1rio prestados pela Cesama.<\/p>\n<h4 style=\"text-align: justify;\">&nbsp;<\/h4>\n<h4 style=\"text-align: justify;\">TARIFA SOCIAL<\/h4>\n<p style=\"text-align: justify;\">Antes da Arsae-MG realizar a Revis\u00e3o Tarif\u00e1ria em 2016, a Cesama contava com 317 fam\u00edlias beneficiadas com a Tarifa Social. Ap\u00f3s a revis\u00e3o, a Companhia passou a ter em seu cadastro 4.355 fam\u00edlias que se enquadram nos crit\u00e9rios. Com esse novo reajuste, essa parcela da popula\u00e7\u00e3o perceber\u00e1 uma redu\u00e7\u00e3o de at\u00e9 50% no valor das faturas. Um usu\u00e1rio residencial, dessa categoria, com consumo mensal de 10 mil litros, que atualmente paga R$34,78, receber\u00e1 contas no valor de R$25,87, o que representa um desconto de R$8,91.<\/p>\n<p style=\"text-align: justify;\">A Ag\u00eancia recomenda que a Cesama invista em divulga\u00e7\u00e3o para que um maior n\u00famero de pessoas possa desfrutar do benef\u00edcio. Para fazer parte da Tarifa Social, o usu\u00e1rio deve ser residencial, estar inscrito no Cadastro \u00danico para Programas Sociais do Governo Federal (Cad\u00danico) e ter renda per capita mensal familiar menor ou igual a meio sal\u00e1rio m\u00ednimo. Atualmente, Juiz de Fora tem mais de 30 mil fam\u00edlias que se encaixam nesse perfil.<\/p>\n<p style=\"text-align: justify;\">Fonte: Assessoria<\/p>\n","protected":false},"excerpt":{"rendered":"<p>A partir do dia 1\u00ba de abril de 2018, os juiz-foranos ter\u00e3o um reajuste m\u00e9dio de 0,66% nas contas de \u00e1gua e esgoto da Companhia de Saneamento Municipal (Cesama). O \u00edndice foi calculado e autorizado pela Ag\u00eancia Reguladora dos Servi\u00e7os de Abastecimento de \u00c1gua e de Esgotamento Sanit\u00e1rio do Estado de Minas Gerais (Arsae-MG) e [&hellip;]<\/p>\n","protected":false},"author":96,"featured_media":93019,"comment_status":"closed","ping_status":"closed","sticky":false,"template":"","format":"standard","meta":{"footnotes":""},"categories":[253],"tags":[],"class_list":["post-93020","post","type-post","status-publish","format-standard","has-post-thumbnail","hentry","category-cidade"],"_links":{"self":[{"href":"https:\/\/diarioregionaldigital.com.br\/index.php?rest_route=\/wp\/v2\/posts\/93020","targetHints":{"allow":["GET"]}}],"collection":[{"href":"https:\/\/diarioregionaldigital.com.br\/index.php?rest_route=\/wp\/v2\/posts"}],"about":[{"href":"https:\/\/diarioregionaldigital.com.br\/index.php?rest_route=\/wp\/v2\/types\/post"}],"author":[{"embeddable":true,"href":"https:\/\/diarioregionaldigital.com.br\/index.php?rest_route=\/wp\/v2\/users\/96"}],"replies":[{"embeddable":true,"href":"https:\/\/diarioregionaldigital.com.br\/index.php?rest_route=%2Fwp%2Fv2%2Fcomments&post=93020"}],"version-history":[{"count":0,"href":"https:\/\/diarioregionaldigital.com.br\/index.php?rest_route=\/wp\/v2\/posts\/93020\/revisions"}],"wp:featuredmedia":[{"embeddable":true,"href":"https:\/\/diarioregionaldigital.com.br\/index.php?rest_route=\/wp\/v2\/media\/93019"}],"wp:attachment":[{"href":"https:\/\/diarioregionaldigital.com.br\/index.php?rest_route=%2Fwp%2Fv2%2Fmedia&parent=93020"}],"wp:term":[{"taxonomy":"category","embeddable":true,"href":"https:\/\/diarioregionaldigital.com.br\/index.php?rest_route=%2Fwp%2Fv2%2Fcategories&post=93020"},{"taxonomy":"post_tag","embeddable":true,"href":"https:\/\/diarioregionaldigital.com.br\/index.php?rest_route=%2Fwp%2Fv2%2Ftags&post=93020"}],"curies":[{"name":"wp","href":"https:\/\/api.w.org\/{rel}","templated":true}]}}