{"id":93018,"date":"2018-03-02T17:49:34","date_gmt":"2018-03-02T20:49:34","guid":{"rendered":"http:\/\/diarioregionaljf.com.br\/2018\/03\/02\/aumento-de-taxas-do-aco-nos-eua-repercute-negativamente-nos-mercados-globais\/"},"modified":"2018-03-02T17:49:34","modified_gmt":"2018-03-02T20:49:34","slug":"aumento-de-taxas-do-aco-nos-eua-repercute-negativamente-nos-mercados-globais","status":"publish","type":"post","link":"https:\/\/diarioregionaldigital.com.br\/?p=93018","title":{"rendered":"Aumento de taxas do a\u00e7o nos EUA repercute negativamente nos mercados globais"},"content":{"rendered":"<p>As bolsas de valores da \u00c1sia fecharam em baixa nessa sexta-feira, 2, e o mercado financeiro europeu tamb\u00e9m apresentou baixas nas opera\u00e7\u00f5es da manh\u00e3, num poss\u00edvel reflexo da rea\u00e7\u00e3o negativa ao an\u00fancio feito pelo presidente Donald Trump de que os Estados Unidos ir\u00e3o impor uma nova taxa para importa\u00e7\u00e3o de a\u00e7o e de alum\u00ednio.<\/p>\n<p>Com a decis\u00e3o, o a\u00e7o exportado de outros pa\u00edses para os EUAs ter\u00e1 25% de taxas a partir da semana que vem segundo o an\u00fancio feito pelo mandat\u00e1rio na Casa Branca. J\u00e1 as importa\u00e7\u00f5es de alum\u00ednio ter\u00e3o tarifas de 10%, Trump defendeu a medida protecionista como necess\u00e1ria para fortalecer a ind\u00fastria sider\u00fargica americana.<\/p>\n<p>&#8220;Vamos reconstruir nossa ind\u00fastria de alum\u00ednio&#8221;, afirmou. Ele acusou outros pa\u00edses de &#8220;arruinar o alum\u00ednio nacional&#8221; e afirmou que a culpa vem de erros na pr\u00f3pria condu\u00e7\u00e3o da pol\u00edtica comercial norte-americana em gest\u00f5es anteriores.<\/p>\n<h4>&nbsp;<\/h4>\n<h4>QUEDAS<\/h4>\n<p>Hoje no Jap\u00e3o o \u00edndice Nikkei da Bolsa de T\u00f3quio mostrou queda de 2,50% e na China e em Hong Kong as quedas foram de 0,59% e 1,48% respectivamente. Pouco depois do an\u00fancio das taxas, os efeitos foram sentidos na pr\u00f3pria bolsa americana e Wall Street fechou nessa quinta-feira com baixa de 400 pontos.<\/p>\n<p>Internamente, as grandes montadoras ter\u00e3o de pagar mais pelo a\u00e7o e alum\u00ednio usado na fabrica\u00e7\u00e3o de autom\u00f3veis. As novas tarifas v\u00e3o afetar grandes mercados exportadores de a\u00e7o para os Estados Unidos, como a China, Jap\u00e3o e Coreia do Sul, este dois \u00faltimos importantes aliados do pa\u00eds. O Brasil tamb\u00e9m \u00e9 um grande exportador de a\u00e7o para o mercado americano.<\/p>\n<p>Segundo o Minist\u00e9rio do Desenvolvimento, Com\u00e9rcio Exterior e Servi\u00e7os (MDIC) brasileiro, a restri\u00e7\u00e3o comercial imposta por Trump ao a\u00e7o e alum\u00ednio afetar\u00e1 as exporta\u00e7\u00f5es nacionais de ambos os produtos e pode resultar em uma contesta\u00e7\u00e3o brasileira da medida nos organismos internacionais.<\/p>\n<p>Em nota oficial, o MDIC informou que o governo brasileiro espera chegar a um acordo com os EUA para evitar a aplica\u00e7\u00e3o das tarifas, mas caso isso n\u00e3o seja poss\u00edvel, o pa\u00eds pode questionar a eleva\u00e7\u00e3o das tarifas em foros globais. \u201cO governo brasileiro n\u00e3o descarta eventuais a\u00e7\u00f5es complementares, no \u00e2mbito multilateral e bilateral, para preservar seus interesses nesse caso concreto\u201d, disse o minist\u00e9rio.<\/p>\n<h4>&nbsp;<\/h4>\n<h4>REA\u00c7\u00d5ES INTERNAS<\/h4>\n<p>A rea\u00e7\u00e3o pol\u00edtica interna tamb\u00e9m foi imediata, at\u00e9 mesmo entre aliados pr\u00f3ximos ao presidente. Em um comunicado, o senador republicano Orrin Hatch, do estado de Utah e um grande defensor de Trump, afirmou que o presidente deveria reconsiderar a decis\u00e3o.<\/p>\n<p>&#8220;As tarifas de a\u00e7o e alum\u00ednio s\u00e3o um aumento de impostos que os americanos n\u00e3o precisam e n\u00e3o podem pagar. Eu encorajo o presidente a considerar cuidadosamente todas as implica\u00e7\u00f5es de aumentar o custo do a\u00e7o e do alum\u00ednio para os fabricantes e consumidores americanos &#8220;, escreveu, Hatch, que \u00e9 presidente do Comit\u00ea de Finan\u00e7as do Senado.<\/p>\n<p>O senador republicano da Pensilv\u00e2nia, Pat Toomey, rotulou a decis\u00e3o de &#8220;um grande erro&#8221;. E tamb\u00e9m afirmou que quem pagar\u00e1 a conta ser\u00e3o os consumidores finais, que ter\u00e3o de comprar produtos mais caros.<\/p>\n<p>A imprensa americana chamou a decis\u00e3o de &#8220;desastrosa&#8221; e disse que a medida poderia causar uma &#8220;guerra comercial&#8221; entre os Estados Unidos e outras na\u00e7\u00f5es, o que seria prejudicial ao pa\u00eds.<\/p>\n<p>Fonte: Ag\u00eancia Brasil<\/p>\n","protected":false},"excerpt":{"rendered":"<p>As bolsas de valores da \u00c1sia fecharam em baixa nessa sexta-feira, 2, e o mercado financeiro europeu tamb\u00e9m apresentou baixas nas opera\u00e7\u00f5es da manh\u00e3, num poss\u00edvel reflexo da rea\u00e7\u00e3o negativa ao an\u00fancio feito pelo presidente Donald Trump de que os Estados Unidos ir\u00e3o impor uma nova taxa para importa\u00e7\u00e3o de a\u00e7o e de alum\u00ednio. Com [&hellip;]<\/p>\n","protected":false},"author":96,"featured_media":93017,"comment_status":"closed","ping_status":"closed","sticky":false,"template":"","format":"standard","meta":{"footnotes":""},"categories":[302],"tags":[],"class_list":["post-93018","post","type-post","status-publish","format-standard","has-post-thumbnail","hentry","category-brasil-mundo"],"_links":{"self":[{"href":"https:\/\/diarioregionaldigital.com.br\/index.php?rest_route=\/wp\/v2\/posts\/93018","targetHints":{"allow":["GET"]}}],"collection":[{"href":"https:\/\/diarioregionaldigital.com.br\/index.php?rest_route=\/wp\/v2\/posts"}],"about":[{"href":"https:\/\/diarioregionaldigital.com.br\/index.php?rest_route=\/wp\/v2\/types\/post"}],"author":[{"embeddable":true,"href":"https:\/\/diarioregionaldigital.com.br\/index.php?rest_route=\/wp\/v2\/users\/96"}],"replies":[{"embeddable":true,"href":"https:\/\/diarioregionaldigital.com.br\/index.php?rest_route=%2Fwp%2Fv2%2Fcomments&post=93018"}],"version-history":[{"count":0,"href":"https:\/\/diarioregionaldigital.com.br\/index.php?rest_route=\/wp\/v2\/posts\/93018\/revisions"}],"wp:featuredmedia":[{"embeddable":true,"href":"https:\/\/diarioregionaldigital.com.br\/index.php?rest_route=\/wp\/v2\/media\/93017"}],"wp:attachment":[{"href":"https:\/\/diarioregionaldigital.com.br\/index.php?rest_route=%2Fwp%2Fv2%2Fmedia&parent=93018"}],"wp:term":[{"taxonomy":"category","embeddable":true,"href":"https:\/\/diarioregionaldigital.com.br\/index.php?rest_route=%2Fwp%2Fv2%2Fcategories&post=93018"},{"taxonomy":"post_tag","embeddable":true,"href":"https:\/\/diarioregionaldigital.com.br\/index.php?rest_route=%2Fwp%2Fv2%2Ftags&post=93018"}],"curies":[{"name":"wp","href":"https:\/\/api.w.org\/{rel}","templated":true}]}}