{"id":92962,"date":"2018-03-01T23:24:37","date_gmt":"2018-03-02T02:24:37","guid":{"rendered":"http:\/\/diarioregionaljf.com.br\/2018\/03\/01\/nas-tres-primeiras-horas-receita-federal-recebeu-mais-de-125-mil-declaracoes-do-irpf\/"},"modified":"2018-03-01T23:24:37","modified_gmt":"2018-03-02T02:24:37","slug":"nas-tres-primeiras-horas-receita-federal-recebeu-mais-de-125-mil-declaracoes-do-irpf","status":"publish","type":"post","link":"https:\/\/diarioregionaldigital.com.br\/?p=92962","title":{"rendered":"Antecipa\u00e7\u00e3o garante tranquilidade na declara\u00e7\u00e3o do Imposto de Renda"},"content":{"rendered":"<p>Na manh\u00e3 de quinta-feira, 1\u00b0 de mar\u00e7o, a Receita Federal come\u00e7ou a receber as declara\u00e7\u00f5es do Imposto de Renda da Pessoa F\u00edsica (IRPF) 2018, ano-base 2017. Tr\u00eas horas ap\u00f3s o in\u00edcio das atividades (que come\u00e7aram \u00e0s 8h), mais de 125 mil pessoas j\u00e1 haviam prestado as contas com o \u201cle\u00e3o\u201d, segundo a Receita. A expectativa \u00e9 que at\u00e9 o dia 30 de abril (prazo final para entregar os documentos), 28,8 milh\u00f5es de contribuintes enviem a declara\u00e7\u00e3o. O n\u00famero significa 300 mil pessoas a mais do que em 2017, quando o total foi 28,5 milh\u00f5es.<\/p>\n<p>Conforme a Receita, a declara\u00e7\u00e3o \u00e9 obrigat\u00f3ria para quem recebeu, em 2017, rendimentos tribut\u00e1veis em valores superiores a R$28.559,70. No caso da atividade rural, deve declarar quem teve receita bruta acima de R$142.798,50. A declara\u00e7\u00e3o poder ser preenchida por meio do programa Gerador da Declara\u00e7\u00e3o (PGD) IRPF2018, dispon\u00edvel no site da Receita Federal do Brasil, aplicativo \u201cMeu Imposto de Renda\u201d, dispon\u00edvel na Google Play ou Apple Store ou acessar o servi\u00e7o \u201cMeu Imposto de Renda\u201d no Centro Virtual de Atendimento (e-CAC). Para utilizar, \u00e9 preciso ter certificado digital. O acesso tamb\u00e9m pode ser feito pelo contribuinte ou seu representante com procura\u00e7\u00e3o eletr\u00f4nica.<\/p>\n<p>O contribuinte que n\u00e3o fizer a declara\u00e7\u00e3o ou entreg\u00e1-la fora do prazo fica sujeito ao pagamento de multa de, no m\u00ednimo, R$165,74. O valor m\u00e1ximo, correspondente a 20% do imposto devido. A dica para evitar os imprevistos, de acordo com a diretora do Globo \u00c9tico, organiza\u00e7\u00e3o cont\u00e1bil, Amanda Bonfim \u00e9 a prepara\u00e7\u00e3o. \u201cA antecipa\u00e7\u00e3o se torna a melhor op\u00e7\u00e3o, pois se precisar coletar documento ou buscar alguma informa\u00e7\u00e3o que o contribuinte talvez se esqueceu, d\u00e1 tempo de corrigir. Essa \u00e9 a id\u00e9ia. L\u00f3gico que se for aquele contribuinte que frequentemente visita o contador e organiza a declara\u00e7\u00e3o, ele pode deixar para o dia 30 de abril que n\u00e3o ter\u00e1 problemas. Mas aqueles que realizam opera\u00e7\u00f5es mais detalhadas e movimentadas, precisam se antecipar\u201d, explica.<\/p>\n<p>Amanda refor\u00e7a que quanto antes o contribuinte declarar o imposto, maiores s\u00e3o as chances de receber a restitui\u00e7\u00e3o nos primeiros lotes. O calend\u00e1rio da restitui\u00e7\u00e3o come\u00e7a no dia 15 de junho e \u00e9 dividido em sete lotes, sendo o \u00faltimo em 17 de dezembro.<\/p>\n<p>NOVIDADE<\/p>\n<p>Neste ano, \u00e9 obrigat\u00f3ria a apresenta\u00e7\u00e3o do Cadastro de Pessoa F\u00edsica (CPF) para dependentes a partir de oito anos de idade, completados at\u00e9 o dia 31 de dezembro de 2017. Outra mudan\u00e7a \u00e9 a possibilidade de impress\u00e3o do Documento de Arrecada\u00e7\u00e3o de Receitas Federais (Darf) para pagamento de todas as cotas do imposto, inclusive as que est\u00e3o em atraso.<\/p>\n<p>QUEM MAIS DEVE DECLARAR<\/p>\n<p>\u2022 As pessoas f\u00edsicas residentes no Brasil que receberam rendimentos isentos, n\u00e3o tribut\u00e1veis ou tributados exclusivamente na fonte, cuja soma foi superior a R$40 mil.<\/p>\n<p>\u2022 Os que obtiveram, em qualquer m\u00eas, ganho de capital na aliena\u00e7\u00e3o de bens e direitos, sujeito \u00e0 incid\u00eancia do imposto ou que realizaram opera\u00e7\u00f5es em bolsas de valores.<\/p>\n<p>\u2022 Os que pretendem compensar preju\u00edzos com a atividade rural; que tiveram, em 31 de dezembro de 2017, a posse ou a propriedade de bens e direitos, inclusive terra nua, de valor total superior a R$300 mil.<\/p>\n<p>\u2022 Que passaram \u00e0 condi\u00e7\u00e3o de residentes no Brasil em qualquer m\u00eas e assim se encontravam em 31 de dezembro.<\/p>\n<p>\u2022 Quem optou pela isen\u00e7\u00e3o do IR incidente sobre o ganho de capital com a venda de im\u00f3veis residenciais para a compra de outro im\u00f3vel no pa\u00eds, no prazo de 180 dias contados do contrato de venda.<\/p>\n","protected":false},"excerpt":{"rendered":"<p>Na manh\u00e3 de quinta-feira, 1\u00b0 de mar\u00e7o, a Receita Federal come\u00e7ou a receber as declara\u00e7\u00f5es do Imposto de Renda da Pessoa F\u00edsica (IRPF) 2018, ano-base 2017. Tr\u00eas horas ap\u00f3s o in\u00edcio das atividades (que come\u00e7aram \u00e0s 8h), mais de 125 mil pessoas j\u00e1 haviam prestado as contas com o \u201cle\u00e3o\u201d, segundo a Receita. A expectativa [&hellip;]<\/p>\n","protected":false},"author":96,"featured_media":0,"comment_status":"closed","ping_status":"closed","sticky":false,"template":"","format":"standard","meta":{"footnotes":""},"categories":[253],"tags":[],"class_list":["post-92962","post","type-post","status-publish","format-standard","hentry","category-cidade"],"_links":{"self":[{"href":"https:\/\/diarioregionaldigital.com.br\/index.php?rest_route=\/wp\/v2\/posts\/92962","targetHints":{"allow":["GET"]}}],"collection":[{"href":"https:\/\/diarioregionaldigital.com.br\/index.php?rest_route=\/wp\/v2\/posts"}],"about":[{"href":"https:\/\/diarioregionaldigital.com.br\/index.php?rest_route=\/wp\/v2\/types\/post"}],"author":[{"embeddable":true,"href":"https:\/\/diarioregionaldigital.com.br\/index.php?rest_route=\/wp\/v2\/users\/96"}],"replies":[{"embeddable":true,"href":"https:\/\/diarioregionaldigital.com.br\/index.php?rest_route=%2Fwp%2Fv2%2Fcomments&post=92962"}],"version-history":[{"count":0,"href":"https:\/\/diarioregionaldigital.com.br\/index.php?rest_route=\/wp\/v2\/posts\/92962\/revisions"}],"wp:attachment":[{"href":"https:\/\/diarioregionaldigital.com.br\/index.php?rest_route=%2Fwp%2Fv2%2Fmedia&parent=92962"}],"wp:term":[{"taxonomy":"category","embeddable":true,"href":"https:\/\/diarioregionaldigital.com.br\/index.php?rest_route=%2Fwp%2Fv2%2Fcategories&post=92962"},{"taxonomy":"post_tag","embeddable":true,"href":"https:\/\/diarioregionaldigital.com.br\/index.php?rest_route=%2Fwp%2Fv2%2Ftags&post=92962"}],"curies":[{"name":"wp","href":"https:\/\/api.w.org\/{rel}","templated":true}]}}