{"id":92961,"date":"2018-03-01T23:17:48","date_gmt":"2018-03-02T02:17:48","guid":{"rendered":"http:\/\/diarioregionaljf.com.br\/2018\/03\/01\/operacao-da-policia-civil-de-leopoldina-prende-11-pessoas-envolvidas-com-trafico-de-drogas\/"},"modified":"2018-03-01T23:17:48","modified_gmt":"2018-03-02T02:17:48","slug":"operacao-da-policia-civil-de-leopoldina-prende-11-pessoas-envolvidas-com-trafico-de-drogas","status":"publish","type":"post","link":"https:\/\/diarioregionaldigital.com.br\/?p=92961","title":{"rendered":"Opera\u00e7\u00e3o da Pol\u00edcia Civil de Leopoldina prende 11 pessoas envolvidas com tr\u00e1fico de drogas"},"content":{"rendered":"<p>Uma opera\u00e7\u00e3o da Pol\u00edcia Civil (PC) prendeu 11 pessoas no Bairro Bela Vista, em Leopoldina ( a cerca de 97Km de JF), na manh\u00e3 desta quinta-feira, 1\u00ba de mar\u00e7o.<\/p>\n<p>A a\u00e7\u00e3o foi deflagrada na Rua Jo\u00e3o Teixeira de Moura Guimar\u00e3es, onde foram presos nove homens e duas mulheres suspeitos de envolvimento com o tr\u00e1fico de drogas no munic\u00edpio. De acordo com a Pol\u00edcia Civil, eles estavam fazendo o uso de drogas no momento da a\u00e7\u00e3o. No total, foram apreendidos um pino de coca\u00edna, quatro buchas de maconha, quatro pedras de crack e cachimbos usados para consumir a droga.<\/p>\n<p>Todos os presos foram conduzidos para a 3\u00aa Delegacia Regional de Pol\u00edcia Civil de Leopoldina juntamente com as drogas apreendidas.<\/p>\n<p>&nbsp;<\/p>\n<p>Fonte: O Vigilante Online<\/p>\n","protected":false},"excerpt":{"rendered":"<p>Uma opera\u00e7\u00e3o da Pol\u00edcia Civil (PC) prendeu 11 pessoas no Bairro Bela Vista, em Leopoldina ( a cerca de 97Km de JF), na manh\u00e3 desta quinta-feira, 1\u00ba de mar\u00e7o. A a\u00e7\u00e3o foi deflagrada na Rua Jo\u00e3o Teixeira de Moura Guimar\u00e3es, onde foram presos nove homens e duas mulheres suspeitos de envolvimento com o tr\u00e1fico de [&hellip;]<\/p>\n","protected":false},"author":96,"featured_media":92960,"comment_status":"closed","ping_status":"closed","sticky":false,"template":"","format":"standard","meta":{"footnotes":""},"categories":[252],"tags":[],"class_list":["post-92961","post","type-post","status-publish","format-standard","has-post-thumbnail","hentry","category-regiao"],"_links":{"self":[{"href":"https:\/\/diarioregionaldigital.com.br\/index.php?rest_route=\/wp\/v2\/posts\/92961","targetHints":{"allow":["GET"]}}],"collection":[{"href":"https:\/\/diarioregionaldigital.com.br\/index.php?rest_route=\/wp\/v2\/posts"}],"about":[{"href":"https:\/\/diarioregionaldigital.com.br\/index.php?rest_route=\/wp\/v2\/types\/post"}],"author":[{"embeddable":true,"href":"https:\/\/diarioregionaldigital.com.br\/index.php?rest_route=\/wp\/v2\/users\/96"}],"replies":[{"embeddable":true,"href":"https:\/\/diarioregionaldigital.com.br\/index.php?rest_route=%2Fwp%2Fv2%2Fcomments&post=92961"}],"version-history":[{"count":0,"href":"https:\/\/diarioregionaldigital.com.br\/index.php?rest_route=\/wp\/v2\/posts\/92961\/revisions"}],"wp:featuredmedia":[{"embeddable":true,"href":"https:\/\/diarioregionaldigital.com.br\/index.php?rest_route=\/wp\/v2\/media\/92960"}],"wp:attachment":[{"href":"https:\/\/diarioregionaldigital.com.br\/index.php?rest_route=%2Fwp%2Fv2%2Fmedia&parent=92961"}],"wp:term":[{"taxonomy":"category","embeddable":true,"href":"https:\/\/diarioregionaldigital.com.br\/index.php?rest_route=%2Fwp%2Fv2%2Fcategories&post=92961"},{"taxonomy":"post_tag","embeddable":true,"href":"https:\/\/diarioregionaldigital.com.br\/index.php?rest_route=%2Fwp%2Fv2%2Ftags&post=92961"}],"curies":[{"name":"wp","href":"https:\/\/api.w.org\/{rel}","templated":true}]}}