{"id":92959,"date":"2018-03-01T23:08:39","date_gmt":"2018-03-02T02:08:39","guid":{"rendered":"http:\/\/diarioregionaljf.com.br\/2018\/03\/01\/serra-de-belvedere-volta-a-ser-interditada-na-tarde-desta-sexta-feira\/"},"modified":"2018-03-01T23:08:39","modified_gmt":"2018-03-02T02:08:39","slug":"serra-de-belvedere-volta-a-ser-interditada-na-tarde-desta-sexta-feira","status":"publish","type":"post","link":"https:\/\/diarioregionaldigital.com.br\/?p=92959","title":{"rendered":"Serra de Belvedere volta a ser interditada na tarde desta sexta-feira"},"content":{"rendered":"<p>O Departamento Nacional de Infraestrutura de Transportes (DNIT) realizar\u00e1 na tarde desta sexta-feira, 2, mais uma etapa do processo de detona\u00e7\u00e3o de rochas \u00e0 margem da BR-116, na Serra de Belvedere. A rodovia ficar\u00e1 interditada a partir de 15h e todo o procedimento poder\u00e1 durar at\u00e9 duas horas.<\/p>\n<p>Essa ser\u00e1 a quinta implos\u00e3o realizada no local desde o dia <a href=\"geral\/21848-deslizamento-de-rochas-deixa-br-116-interditada-na-serra-de-belvedere\" target=\"_blank\" rel=\"noopener noreferrer\">2 de dezembro do ano passado, quando houve o deslizamento de grandes rochas e terr<\/a>a, levando ao fechamento da rodovia durante uma semana.<\/p>\n<p>Durante a \u00faltima detona\u00e7\u00e3o, ocorrida nessa ter\u00e7a-feira, 27 de fevereiro, o Supervisor da Unidade Local do Dnit, em Leopoldina, M\u00e1rcio Gusm\u00e3o, explicou que nesta etapa est\u00e3o sendo detonadas rochas que est\u00e3o pr\u00f3ximas ao local onde ocorreu o deslizamento no final do ano passado e que tamb\u00e9m oferecem perigo de cair sobre a rodovia.<\/p>\n<p>O processo de retirada por completo de todo o maci\u00e7o rochoso prosseguir\u00e1 por cerca de dois meses, com previs\u00e3o de uma a duas detona\u00e7\u00f5es por semana.<\/p>\n<p>&nbsp;<\/p>\n<h4>ROTA ALTERNATIVA<\/h4>\n<p>Durante o per\u00edodo de interdi\u00e7\u00e3o, que pode durar duas horas, o motorista tem a op\u00e7\u00e3o de fazer o desvio pela MGC-265 passando por Mira\u00ed, Cataguases e retornando a BR-116 j\u00e1 em Leopoldina. O caminho inverso tamb\u00e9m poder\u00e1 ser feito pelo motorista que estiver seguindo na dire\u00e7\u00e3o oposta.<\/p>\n<p>&nbsp;<\/p>\n<p>Fonte: R\u00e1dio Muria\u00e9<\/p>\n","protected":false},"excerpt":{"rendered":"<p>O Departamento Nacional de Infraestrutura de Transportes (DNIT) realizar\u00e1 na tarde desta sexta-feira, 2, mais uma etapa do processo de detona\u00e7\u00e3o de rochas \u00e0 margem da BR-116, na Serra de Belvedere. A rodovia ficar\u00e1 interditada a partir de 15h e todo o procedimento poder\u00e1 durar at\u00e9 duas horas. Essa ser\u00e1 a quinta implos\u00e3o realizada no [&hellip;]<\/p>\n","protected":false},"author":96,"featured_media":92958,"comment_status":"closed","ping_status":"closed","sticky":false,"template":"","format":"standard","meta":{"footnotes":""},"categories":[252],"tags":[],"class_list":["post-92959","post","type-post","status-publish","format-standard","has-post-thumbnail","hentry","category-regiao"],"_links":{"self":[{"href":"https:\/\/diarioregionaldigital.com.br\/index.php?rest_route=\/wp\/v2\/posts\/92959","targetHints":{"allow":["GET"]}}],"collection":[{"href":"https:\/\/diarioregionaldigital.com.br\/index.php?rest_route=\/wp\/v2\/posts"}],"about":[{"href":"https:\/\/diarioregionaldigital.com.br\/index.php?rest_route=\/wp\/v2\/types\/post"}],"author":[{"embeddable":true,"href":"https:\/\/diarioregionaldigital.com.br\/index.php?rest_route=\/wp\/v2\/users\/96"}],"replies":[{"embeddable":true,"href":"https:\/\/diarioregionaldigital.com.br\/index.php?rest_route=%2Fwp%2Fv2%2Fcomments&post=92959"}],"version-history":[{"count":0,"href":"https:\/\/diarioregionaldigital.com.br\/index.php?rest_route=\/wp\/v2\/posts\/92959\/revisions"}],"wp:featuredmedia":[{"embeddable":true,"href":"https:\/\/diarioregionaldigital.com.br\/index.php?rest_route=\/wp\/v2\/media\/92958"}],"wp:attachment":[{"href":"https:\/\/diarioregionaldigital.com.br\/index.php?rest_route=%2Fwp%2Fv2%2Fmedia&parent=92959"}],"wp:term":[{"taxonomy":"category","embeddable":true,"href":"https:\/\/diarioregionaldigital.com.br\/index.php?rest_route=%2Fwp%2Fv2%2Fcategories&post=92959"},{"taxonomy":"post_tag","embeddable":true,"href":"https:\/\/diarioregionaldigital.com.br\/index.php?rest_route=%2Fwp%2Fv2%2Ftags&post=92959"}],"curies":[{"name":"wp","href":"https:\/\/api.w.org\/{rel}","templated":true}]}}