{"id":92951,"date":"2018-03-01T22:52:00","date_gmt":"2018-03-02T01:52:00","guid":{"rendered":"http:\/\/diarioregionaljf.com.br\/2018\/03\/01\/preco-da-cesta-basica-regional-registra-queda-de-9-02\/"},"modified":"2018-03-01T22:52:00","modified_gmt":"2018-03-02T01:52:00","slug":"preco-da-cesta-basica-regional-registra-queda-de-9-02","status":"publish","type":"post","link":"https:\/\/diarioregionaldigital.com.br\/?p=92951","title":{"rendered":"Pre\u00e7o da cesta b\u00e1sica regional registra queda de 9,02%"},"content":{"rendered":"<p>A pesquisa semanal de pre\u00e7os realizada pela Secretaria de Agropecu\u00e1ria e Abastecimento (SAA) da Prefeitura de Juiz de Fora (PJF), divulgada nesta quinta-feira, 1\u00ba de mar\u00e7o, revelou queda no pre\u00e7o da cesta b\u00e1sica regional. O valor registrado foi de R$321,16. Em compara\u00e7\u00e3o com a semana anterior, a cesta ficou R$31,85 mais barata. Em percentual, a diminui\u00e7\u00e3o foi de 9,02%. O valor atual da cesta b\u00e1sica regional representa 36,59% do valor do sal\u00e1rio m\u00ednimo ou o equivalente \u00e0 quantia obtida em 11 dias de trabalho.<\/p>\n<p>Considerando uma fam\u00edlia com quatro pessoas, sendo duas adultas e duas crian\u00e7as, e levando em conta a propor\u00e7\u00e3o de duas crian\u00e7as por uma pessoa adulta, o gasto ser\u00e1 de R$963,49, conforme c\u00e1lculo realizado pelo Departamento Intersindical de Estat\u00edsticas e Estudos Socioecon\u00f4micos (Dieese) e da SAA.<\/p>\n<p>Os produtos que apresentaram as principais quedas na semana s\u00e3o folhosos (-29,65%), fub\u00e1 (-26,20%) e cebola (-17,59%). Os maiores aumentos de pre\u00e7o foram registradas por produtos como tomate (11,63%), farinha de trigo (4,39%) e carne de segunda (1,21%).<br \/>A varia\u00e7\u00e3o m\u00e9dia de pre\u00e7os de todos os itens pertencentes \u00e0 cesta b\u00e1sica pode ser visualizada <a href=\"https:\/\/www.pjf.mg.gov.br\/secretarias\/saa\/pesquisas\/cesta_basica\/index.php\" target=\"_blank\" rel=\"noopener noreferrer\">aqui<\/a>.<\/p>\n<p>&nbsp;<\/p>\n<h4>CESTA B\u00c1SICA NACIONAL<\/h4>\n<p>A pesquisa da SAA tamb\u00e9m revelou diminui\u00e7\u00e3o no valor da cesta b\u00e1sica nacional. O pre\u00e7o registrado foi de R$329,54. Em rela\u00e7\u00e3o \u00e0 pesquisa anterior, est\u00e1 R$17,98 mais barata, queda percentual de 5,17%. Tendo como base uma fam\u00edlia com quatro pessoas, sendo duas adultas e duas crian\u00e7as, e considerando o consumo de duas crian\u00e7as como o de uma pessoa adulta, o gasto atual com a cesta \u00e9 de R$988,61. O valor representa 37,55% do sal\u00e1rio m\u00ednimo l\u00edquido, equivalente a 11 dias de trabalho.<\/p>\n<p>Os produtos que apresentaram as maiores quedas de pre\u00e7o foram arroz longo fino tipo 1 (-17,11%), feij\u00e3o preto (-15,42%) e a\u00e7\u00facar cristal (-14,01%). Os principais aumentos foram registrados por tomate (11,63%), farinha (4,39%) e carne de segunda (1,21%). O Departamento de Fomento Agropecu\u00e1rio, Promo\u00e7\u00e3o Rural e Informa\u00e7\u00e3o (Dfapri) da SAA realiza o levantamento seguindo metodologia desenvolvida pelo Departamento Intersindical de Estat\u00edstica e Estudos Socioecon\u00f4micos (Dieese).<\/p>\n<p>A pesquisa completa, com a varia\u00e7\u00e3o de todos os produtos que comp\u00f5em a cesta b\u00e1sica nacional, pode ser acessada atrav\u00e9s do <a href=\"https:\/\/www.pjf.mg.gov.br\/secretarias\/saa\/pesquisas\/cesta_basica\/index.php\" target=\"_blank\" rel=\"noopener noreferrer\">link<\/a>.<\/p>\n<p>&nbsp;<\/p>\n<p>Fonte: Assessoria<\/p>\n","protected":false},"excerpt":{"rendered":"<p>A pesquisa semanal de pre\u00e7os realizada pela Secretaria de Agropecu\u00e1ria e Abastecimento (SAA) da Prefeitura de Juiz de Fora (PJF), divulgada nesta quinta-feira, 1\u00ba de mar\u00e7o, revelou queda no pre\u00e7o da cesta b\u00e1sica regional. O valor registrado foi de R$321,16. Em compara\u00e7\u00e3o com a semana anterior, a cesta ficou R$31,85 mais barata. Em percentual, a [&hellip;]<\/p>\n","protected":false},"author":96,"featured_media":92950,"comment_status":"closed","ping_status":"closed","sticky":false,"template":"","format":"standard","meta":{"footnotes":""},"categories":[261],"tags":[],"class_list":["post-92951","post","type-post","status-publish","format-standard","has-post-thumbnail","hentry","category-economia"],"_links":{"self":[{"href":"https:\/\/diarioregionaldigital.com.br\/index.php?rest_route=\/wp\/v2\/posts\/92951","targetHints":{"allow":["GET"]}}],"collection":[{"href":"https:\/\/diarioregionaldigital.com.br\/index.php?rest_route=\/wp\/v2\/posts"}],"about":[{"href":"https:\/\/diarioregionaldigital.com.br\/index.php?rest_route=\/wp\/v2\/types\/post"}],"author":[{"embeddable":true,"href":"https:\/\/diarioregionaldigital.com.br\/index.php?rest_route=\/wp\/v2\/users\/96"}],"replies":[{"embeddable":true,"href":"https:\/\/diarioregionaldigital.com.br\/index.php?rest_route=%2Fwp%2Fv2%2Fcomments&post=92951"}],"version-history":[{"count":0,"href":"https:\/\/diarioregionaldigital.com.br\/index.php?rest_route=\/wp\/v2\/posts\/92951\/revisions"}],"wp:featuredmedia":[{"embeddable":true,"href":"https:\/\/diarioregionaldigital.com.br\/index.php?rest_route=\/wp\/v2\/media\/92950"}],"wp:attachment":[{"href":"https:\/\/diarioregionaldigital.com.br\/index.php?rest_route=%2Fwp%2Fv2%2Fmedia&parent=92951"}],"wp:term":[{"taxonomy":"category","embeddable":true,"href":"https:\/\/diarioregionaldigital.com.br\/index.php?rest_route=%2Fwp%2Fv2%2Fcategories&post=92951"},{"taxonomy":"post_tag","embeddable":true,"href":"https:\/\/diarioregionaldigital.com.br\/index.php?rest_route=%2Fwp%2Fv2%2Ftags&post=92951"}],"curies":[{"name":"wp","href":"https:\/\/api.w.org\/{rel}","templated":true}]}}