{"id":92948,"date":"2018-03-01T22:48:44","date_gmt":"2018-03-02T01:48:44","guid":{"rendered":"http:\/\/diarioregionaljf.com.br\/2018\/03\/01\/errata-prefeitura-municipal-de-tocantins-02-03-18\/"},"modified":"2018-08-13T20:37:27","modified_gmt":"2018-08-13T23:37:27","slug":"errata-prefeitura-municipal-de-tocantins-02-03-18","status":"publish","type":"post","link":"https:\/\/diarioregionaldigital.com.br\/?p=92948","title":{"rendered":"Errata Prefeitura Municipal De Tocantins 02\/03\/18"},"content":{"rendered":"<div class=\"h4\" style=\"text-align: center;\">ERRATA<\/div>\n<div class=\"h4\" style=\"text-align: center;\">AVISO DE LICITA\u00c7\u00c2O<\/div>\n<div class=\"h4\" style=\"text-align: center;\">Licita\u00e7\u00e3o n\u00b0 005\/2018<\/div>\n<div class=\"h4\" style=\"text-align: center;\">Modalidade de Preg\u00e3o Presencial n\u00b0 004\/2018<\/div>\n<div>O Munic\u00edpio de TOCANTINS, na forma da lei, faz saber a todos os interessados que far\u00e1 licita\u00e7\u00e3o na modalidade de preg\u00e3o presencial para registro de pre\u00e7os para presta\u00e7\u00e3o de servi\u00e7os de manuten\u00e7\u00e3o preventiva e corretiva nos ve\u00edculos leves, pesados, m\u00e1quinas e equipamentos pesados, tratores e motocicletas pertencentes \u00e0 frota do Munic\u00edpio de Tocantins, incluindo o fornecimento de pe\u00e7as e acess\u00f3rios genu\u00ednos e originais da marca do ve\u00edculo\/equipamento, compreendendo os servi\u00e7os de reparos mec\u00e2nicos em geral, el\u00e9tricos, alinhamento e balanceamento, estofamento, funilaria, lanternagem, pintura, tape\u00e7aria, estofamento, tornearia, sistema de molas, de ar condicionado, caixa de c\u00e2mbio, soldas, escapamentos, radiadores, suspens\u00e3o, sistema de freios, bem como, ret\u00edfica de motores e bomba e outros servi\u00e7os afins necess\u00e1rios ao completo e perfeito funcionamento dos ve\u00edculos, conforme especifica\u00e7\u00f5es contidas na distribui\u00e7\u00e3o dos lotes, no dia 15\/03\/2017 \u00e0s 10:00 horas na sala da comiss\u00e3o de licita\u00e7\u00e3o, localizada na Av. Padre Mac\u00e1rio, n\u00b0 129, bairro Centro, munic\u00edpio de TOCANTINS. O edital completo encontra-se a disposi\u00e7\u00e3o dos interessados no endere\u00e7o citado anteriormente, no hor\u00e1rio de expediente de 08:00 as 11:00 horas e 13:00 as 16:00 horas. TOCANTINS, 26 de fevereiro de 2018.<\/div>\n<div>MARIA DE F\u00c1TIMA DA SILVA RODRIGUES \u2013 PREGOEIRA<\/div>\n<div>&nbsp;<\/div>\n","protected":false},"excerpt":{"rendered":"<p>ERRATA AVISO DE LICITA\u00c7\u00c2O Licita\u00e7\u00e3o n\u00b0 005\/2018 Modalidade de Preg\u00e3o Presencial n\u00b0 004\/2018 O Munic\u00edpio de TOCANTINS, na forma da lei, faz saber a todos os interessados que far\u00e1 licita\u00e7\u00e3o na modalidade de preg\u00e3o presencial para registro de pre\u00e7os para presta\u00e7\u00e3o de servi\u00e7os de manuten\u00e7\u00e3o preventiva e corretiva nos ve\u00edculos leves, pesados, m\u00e1quinas e equipamentos [&hellip;]<\/p>\n","protected":false},"author":96,"featured_media":0,"comment_status":"closed","ping_status":"closed","sticky":false,"template":"","format":"standard","meta":{"footnotes":""},"categories":[307],"tags":[],"class_list":["post-92948","post","type-post","status-publish","format-standard","hentry","category-editais"],"_links":{"self":[{"href":"https:\/\/diarioregionaldigital.com.br\/index.php?rest_route=\/wp\/v2\/posts\/92948","targetHints":{"allow":["GET"]}}],"collection":[{"href":"https:\/\/diarioregionaldigital.com.br\/index.php?rest_route=\/wp\/v2\/posts"}],"about":[{"href":"https:\/\/diarioregionaldigital.com.br\/index.php?rest_route=\/wp\/v2\/types\/post"}],"author":[{"embeddable":true,"href":"https:\/\/diarioregionaldigital.com.br\/index.php?rest_route=\/wp\/v2\/users\/96"}],"replies":[{"embeddable":true,"href":"https:\/\/diarioregionaldigital.com.br\/index.php?rest_route=%2Fwp%2Fv2%2Fcomments&post=92948"}],"version-history":[{"count":0,"href":"https:\/\/diarioregionaldigital.com.br\/index.php?rest_route=\/wp\/v2\/posts\/92948\/revisions"}],"wp:attachment":[{"href":"https:\/\/diarioregionaldigital.com.br\/index.php?rest_route=%2Fwp%2Fv2%2Fmedia&parent=92948"}],"wp:term":[{"taxonomy":"category","embeddable":true,"href":"https:\/\/diarioregionaldigital.com.br\/index.php?rest_route=%2Fwp%2Fv2%2Fcategories&post=92948"},{"taxonomy":"post_tag","embeddable":true,"href":"https:\/\/diarioregionaldigital.com.br\/index.php?rest_route=%2Fwp%2Fv2%2Ftags&post=92948"}],"curies":[{"name":"wp","href":"https:\/\/api.w.org\/{rel}","templated":true}]}}