{"id":92947,"date":"2018-03-01T22:47:36","date_gmt":"2018-03-02T01:47:36","guid":{"rendered":"http:\/\/diarioregionaljf.com.br\/2018\/03\/01\/edital-de-convocacao-cocserv-02-03-18\/"},"modified":"2018-08-13T20:37:28","modified_gmt":"2018-08-13T23:37:28","slug":"edital-de-convocacao-cocserv-02-03-18","status":"publish","type":"post","link":"https:\/\/diarioregionaldigital.com.br\/?p=92947","title":{"rendered":"Edital De Convoca\u00e7\u00e3o Cocserv 02\/03\/18"},"content":{"rendered":"<p style=\"text-align: justify;\"><span class=\"h4\">EDITAL \u2013 001\/18<\/span><br \/><span class=\"h4\">CONVOCA\u00c7\u00c3O DE ASSEMBLEIA GERAL ORDINARIA<\/span><br \/><span class=\"h4\">COOPERATIVA MISTA DE CONSUMO E SERVI\u00c7OS DOS TRABALHADORES NO RAMO FINANCEIRO DE JUIZ DE FORA \u2013 COCSERV<\/span><br \/><span class=\"h4\">CNPJ: 25.382.740\/0001-60 # NIRE: 31400056785<\/span><br \/>Endere\u00e7o: Rua Bernardo Mascarenhas, 945 \u2013 Andar 1 Sala 01 \u2013 F\u00e1brica \u2013 Juiz de Fora\/MG<br \/>O Presidente, segundo autoriza a Legisla\u00e7\u00e3o e o Estatuto Social da Cooperativa Mista de Consumo e Servi\u00e7os dos Trabalhadores no Ramo Financeiro de Juiz de Fora \u2013 COCSERV, CNPJ: 25.382.740\/0001-60, no uso das atribui\u00e7\u00f5es conferidas pelo Estatuto Social, convoca os senhores cooperados em condi\u00e7\u00f5es de votar, para se reunirem em Assembleia Geral Ordin\u00e1ria, que se realizar\u00e1 em sua sede social \u00e0 Rua Bernardo Mascarenhas, 945 \u2013 Andar 1 Sala 01, no dia 09 de mar\u00e7o de 2018, em primeira convoca\u00e7\u00e3o, \u00e0s 18 horas, com a presen\u00e7a de 2\/3 (dois ter\u00e7os) dos cooperados; em segunda convoca\u00e7\u00e3o \u00e0s 19 horas, no mesmo dia e local, com a presen\u00e7a de metade mais um do n\u00famero total de cooperados, e persistindo a falta de quorum legal, em terceira e ultima convoca\u00e7\u00e3o, \u00e0s 20 horas, com a presen\u00e7a m\u00ednima de 10 (dez) cooperados, a fim de deliberarem sobre a seguinte ORDEM DO DIA:<br \/>I \u2013 Presta\u00e7\u00e3o de Contas do exerc\u00edcio de 2017 compreendendo:<br \/>a) Balan\u00e7o Patrimonial;<br \/>b) Demonstra\u00e7\u00e3o de Sobras ou Perdas e demais Demonstra\u00e7\u00f5es;<br \/>c) Parecer do Conselho Fiscal.<br \/>II \u2013 Destina\u00e7\u00e3o do resultado.<br \/>III \u2013 Elei\u00e7\u00e3o dos componentes da Diretoria.<br \/>IV \u2013 Elei\u00e7\u00e3o do Conselho Fiscal.<br \/>V \u2013 Plano de Trabalho para o ano de 2018.<br \/>VI \u2013 Outros assuntos de interesse social.<br \/>NOTA:Para efeito de quorum, declara-se que o n\u00famero de associados \u00e9 de 34 (trinta e quatro) cooperados.<br \/>O prazo para registro de chapas dever\u00e1 ocorrer at\u00e9 o dia 7 (sete) de mar\u00e7o de 2018 no hor\u00e1rio das 13h30 \u00e0s 16h30.<br \/>Juiz de Fora\/MG, 23 de fevereiro de 2018.<br \/>Presidente: Jer\u00f4nymo da Mota Rocha<br \/>CPF: 495.990.896-34<br \/>N\u00famero de matr\u00edcula na cooperativa: C16040019<\/p>\n","protected":false},"excerpt":{"rendered":"<p>EDITAL \u2013 001\/18CONVOCA\u00c7\u00c3O DE ASSEMBLEIA GERAL ORDINARIACOOPERATIVA MISTA DE CONSUMO E SERVI\u00c7OS DOS TRABALHADORES NO RAMO FINANCEIRO DE JUIZ DE FORA \u2013 COCSERVCNPJ: 25.382.740\/0001-60 # NIRE: 31400056785Endere\u00e7o: Rua Bernardo Mascarenhas, 945 \u2013 Andar 1 Sala 01 \u2013 F\u00e1brica \u2013 Juiz de Fora\/MGO Presidente, segundo autoriza a Legisla\u00e7\u00e3o e o Estatuto Social da Cooperativa Mista de [&hellip;]<\/p>\n","protected":false},"author":96,"featured_media":0,"comment_status":"closed","ping_status":"closed","sticky":false,"template":"","format":"standard","meta":{"footnotes":""},"categories":[307],"tags":[],"class_list":["post-92947","post","type-post","status-publish","format-standard","hentry","category-editais"],"_links":{"self":[{"href":"https:\/\/diarioregionaldigital.com.br\/index.php?rest_route=\/wp\/v2\/posts\/92947","targetHints":{"allow":["GET"]}}],"collection":[{"href":"https:\/\/diarioregionaldigital.com.br\/index.php?rest_route=\/wp\/v2\/posts"}],"about":[{"href":"https:\/\/diarioregionaldigital.com.br\/index.php?rest_route=\/wp\/v2\/types\/post"}],"author":[{"embeddable":true,"href":"https:\/\/diarioregionaldigital.com.br\/index.php?rest_route=\/wp\/v2\/users\/96"}],"replies":[{"embeddable":true,"href":"https:\/\/diarioregionaldigital.com.br\/index.php?rest_route=%2Fwp%2Fv2%2Fcomments&post=92947"}],"version-history":[{"count":0,"href":"https:\/\/diarioregionaldigital.com.br\/index.php?rest_route=\/wp\/v2\/posts\/92947\/revisions"}],"wp:attachment":[{"href":"https:\/\/diarioregionaldigital.com.br\/index.php?rest_route=%2Fwp%2Fv2%2Fmedia&parent=92947"}],"wp:term":[{"taxonomy":"category","embeddable":true,"href":"https:\/\/diarioregionaldigital.com.br\/index.php?rest_route=%2Fwp%2Fv2%2Fcategories&post=92947"},{"taxonomy":"post_tag","embeddable":true,"href":"https:\/\/diarioregionaldigital.com.br\/index.php?rest_route=%2Fwp%2Fv2%2Ftags&post=92947"}],"curies":[{"name":"wp","href":"https:\/\/api.w.org\/{rel}","templated":true}]}}