{"id":92945,"date":"2018-03-01T22:42:02","date_gmt":"2018-03-02T01:42:02","guid":{"rendered":"http:\/\/diarioregionaljf.com.br\/2018\/03\/01\/sucesso-14\/"},"modified":"2018-03-01T22:42:02","modified_gmt":"2018-03-02T01:42:02","slug":"sucesso-14","status":"publish","type":"post","link":"https:\/\/diarioregionaldigital.com.br\/?p=92945","title":{"rendered":"Sucesso"},"content":{"rendered":"<p style=\"text-align: center;\"><span class=\"h4\">Ainda Carnaval<\/span><br \/>O jornalista juiz-forano Gabriel Meneguelli foi um dos destaques do segundo carro aleg\u00f3rico do Salgueiro na Marqu\u00eas de Sapuca\u00ed, no Rio de Janeiro, nesse carnaval. A fantasia foi criada pelo carnavalesco Alex de Souza que gabaritou o quesito fantasias na apura\u00e7\u00e3o e atingiu 40 pontos. A fantasia representa o Deus H\u00f3rus, divindade eg\u00edpcia que possui asas de falc\u00e3o, na alegoria do Egito Antigo. Arrasou.<\/p>\n<p style=\"text-align: center;\"><span class=\"h4\">Em Juiz de Fora<\/span><br \/>Em boa hora, o bairro Po\u00e7o Rico deve ser o primeiro da cidade a ser contemplado com o projeto de transformar \u00e1reas hist\u00f3ricas do munic\u00edpio em ADES (\u00c1rea de Diretrizes Especiais). Com isso, a comunidade ter\u00e1 uma s\u00e9rie de melhorias. Mas, o acordo depende ainda de aprova\u00e7\u00e3o do novo Plano Diretor e de um Termo de Ajustamento de Conduta proposta com anu\u00eancia do Minist\u00e9rio P\u00fablico. A iniciativa \u00e9 do vereador Adriano Miranda, UFJF, PJF e moradores da regi\u00e3o.<\/p>\n<p style=\"text-align: center;\"><span class=\"h4\">Qualidade de Vida<\/span><br \/>A receptividade do p\u00fablico com a Academia de Dan\u00e7a Top Dance tem tido um resultado excelente. A administradora Patr\u00edcia Caniato e seu s\u00f3cio Sebasti\u00e3o Paulo de Campos veem grandes possibilidades para o futuro e j\u00e1 buscam estrat\u00e9gias para a consolida\u00e7\u00e3o da marca e do empreendimento. Os frequentadores est\u00e3o em alt\u00edssimo astral e a alegria reina durante as aulas de Zumba.<\/p>\n<p style=\"text-align: center;\"><span class=\"h4\">Dica<\/span><br \/>Breve ser\u00e1 lan\u00e7ado o blog de Patida Mauad, com tudo sobre estilo de vida, viagens e muito mais. O blog ter\u00e1 participa\u00e7\u00e3o de Rachel Zacarias falando de sua experi\u00eancia com alimenta\u00e7\u00e3o crua e viva.<\/p>\n<p style=\"text-align: center;\"><span class=\"h4\">Direito<\/span><br \/>Nos dias 8, 9 e 10 de mar\u00e7o, Juiz de Fora se tornar\u00e1 palco da XVI Confer\u00eancia de Advocacia Mineira. Ser\u00e1 no Expominas\/JF e o tema ser\u00e1 \u201cAdvocacia, Acesso \u00e0 Justi\u00e7a e Efetividade\u201d.<\/p>\n<p style=\"text-align: center;\"><span class=\"h4\">\u00c9 Show<\/span><br \/>Os sertanejos Luan Santana e Simone &amp; Simaria gravar\u00e3o uma m\u00fasica em companhia da estrela pop do momento Pablo Vittar. Escolhido por voto popular, o trio foi o vencedor de uma marca de refrigerante. Quem viver, ver\u00e1!<\/p>\n<p style=\"text-align: center;\"><span class=\"h4\">Sucesso<\/span><br \/>Foi no audit\u00f3rio da OAB\/JF, o lan\u00e7amento do livro \u201cUniverso do direito: reflex\u00f5es\u201d. A organiza\u00e7\u00e3o da noite de aut\u00f3grafos foi dos professores, Robson Paiva, Luciana Dominato, Johny Hara, F\u00e1bio Vargas e Ana Paula Back.s<\/p>\n<p style=\"text-align: center;\"><img decoding=\"async\" class=\" size-full wp-image-92936\" src=\"http:\/\/diarioregionaljf.com.br\/wp-content\/uploads\/2018\/03\/diario-int-24654-1.jpeg\" alt=\"fotoaa.jpeg\" width=\"680\" style=\"display: block; margin-left: auto; margin-right: auto;\" srcset=\"https:\/\/diarioregionaldigital.com.br\/wp-content\/uploads\/2018\/03\/diario-int-24654-1.jpeg 680w, https:\/\/diarioregionaldigital.com.br\/wp-content\/uploads\/2018\/03\/diario-int-24654-1-300x199.jpeg 300w, https:\/\/diarioregionaldigital.com.br\/wp-content\/uploads\/2018\/03\/diario-int-24654-1-360x238.jpeg 360w\" sizes=\"(max-width: 680px) 100vw, 680px\" \/>Na inaugura\u00e7\u00e3o da franquia MultSa\u00fade em Goian\u00e1 a empres\u00e1ria Marcelle Oliveira ladeada por Guido Piantra, Aida Costa, Helida Villas, prefeito Estevinho Assis e Renata, e F\u00e1bio Ramos<\/p>\n<p style=\"text-align: center;\"><img decoding=\"async\" class=\" size-full wp-image-92937\" src=\"http:\/\/diarioregionaljf.com.br\/wp-content\/uploads\/2018\/03\/diario-int-24654-2.jpg\" alt=\"fotoa.jpg\" width=\"680\" style=\"display: block; margin-left: auto; margin-right: auto;\" srcset=\"https:\/\/diarioregionaldigital.com.br\/wp-content\/uploads\/2018\/03\/diario-int-24654-2.jpg 680w, https:\/\/diarioregionaldigital.com.br\/wp-content\/uploads\/2018\/03\/diario-int-24654-2-300x169.jpg 300w, https:\/\/diarioregionaldigital.com.br\/wp-content\/uploads\/2018\/03\/diario-int-24654-2-360x203.jpg 360w\" sizes=\"(max-width: 680px) 100vw, 680px\" \/>Na Tarde Solid\u00e1ria para a Sopa dos Pobres, na sede social do Tupi, Erika Beire, Charlott Hechber, Dani Verpel, Eduardo Gomes e Luciana Lopes<\/p>\n<p style=\"text-align: center;\"><img decoding=\"async\" class=\" size-full wp-image-92938\" src=\"http:\/\/diarioregionaljf.com.br\/wp-content\/uploads\/2018\/03\/diario-int-24654-3.jpg\" alt=\"fotob.jpg\" width=\"680\" style=\"display: block; margin-left: auto; margin-right: auto;\" srcset=\"https:\/\/diarioregionaldigital.com.br\/wp-content\/uploads\/2018\/03\/diario-int-24654-3.jpg 680w, https:\/\/diarioregionaldigital.com.br\/wp-content\/uploads\/2018\/03\/diario-int-24654-3-300x199.jpg 300w, https:\/\/diarioregionaldigital.com.br\/wp-content\/uploads\/2018\/03\/diario-int-24654-3-360x238.jpg 360w\" sizes=\"(max-width: 680px) 100vw, 680px\" \/>Em festa suntuosa no Rio de Janeiro, Nick Feen, Lu\u00eds Duque e James Fernando<\/p>\n<p style=\"text-align: center;\"><img decoding=\"async\" class=\" size-full wp-image-92939\" src=\"http:\/\/diarioregionaljf.com.br\/wp-content\/uploads\/2018\/03\/diario-int-24654-4.jpg\" alt=\"fotoc.jpg\" width=\"680\" style=\"display: block; margin-left: auto; margin-right: auto;\" srcset=\"https:\/\/diarioregionaldigital.com.br\/wp-content\/uploads\/2018\/03\/diario-int-24654-4.jpg 680w, https:\/\/diarioregionaldigital.com.br\/wp-content\/uploads\/2018\/03\/diario-int-24654-4-300x199.jpg 300w, https:\/\/diarioregionaldigital.com.br\/wp-content\/uploads\/2018\/03\/diario-int-24654-4-360x238.jpg 360w\" sizes=\"(max-width: 680px) 100vw, 680px\" \/>Em momento especial e elegante, o jovem modelo Anderson Batista<\/p>\n<p style=\"text-align: center;\"><img decoding=\"async\" class=\" size-full wp-image-92940\" src=\"http:\/\/diarioregionaljf.com.br\/wp-content\/uploads\/2018\/03\/diario-int-24654-5.jpg\" alt=\"fotod.jpg\" width=\"680\" style=\"display: block; margin-left: auto; margin-right: auto;\" srcset=\"https:\/\/diarioregionaldigital.com.br\/wp-content\/uploads\/2018\/03\/diario-int-24654-5.jpg 680w, https:\/\/diarioregionaldigital.com.br\/wp-content\/uploads\/2018\/03\/diario-int-24654-5-300x197.jpg 300w, https:\/\/diarioregionaldigital.com.br\/wp-content\/uploads\/2018\/03\/diario-int-24654-5-360x237.jpg 360w\" sizes=\"(max-width: 680px) 100vw, 680px\" \/>Em noite de gala em S\u00e3o Jo\u00e3o Nepomuceno, as locomotivas Myrliane Le\u00e3o e Rosana Maranha<\/p>\n<p style=\"text-align: center;\"><img decoding=\"async\" class=\" size-full wp-image-92941\" src=\"http:\/\/diarioregionaljf.com.br\/wp-content\/uploads\/2018\/03\/diario-int-24654-6.jpg\" alt=\"fotoe.jpg\" width=\"680\" style=\"display: block; margin-left: auto; margin-right: auto;\" srcset=\"https:\/\/diarioregionaldigital.com.br\/wp-content\/uploads\/2018\/03\/diario-int-24654-6.jpg 680w, https:\/\/diarioregionaldigital.com.br\/wp-content\/uploads\/2018\/03\/diario-int-24654-6-300x199.jpg 300w, https:\/\/diarioregionaldigital.com.br\/wp-content\/uploads\/2018\/03\/diario-int-24654-6-360x238.jpg 360w\" sizes=\"(max-width: 680px) 100vw, 680px\" \/>Diego Tostes brilhou na Corrida Laborat\u00f3rio C\u00f4rtes Vilella<\/p>\n<p style=\"text-align: center;\"><img decoding=\"async\" class=\" size-full wp-image-92942\" src=\"http:\/\/diarioregionaljf.com.br\/wp-content\/uploads\/2018\/03\/diario-int-24654-7.jpg\" alt=\"fotof.jpg\" width=\"680\" style=\"display: block; margin-left: auto; margin-right: auto;\" srcset=\"https:\/\/diarioregionaldigital.com.br\/wp-content\/uploads\/2018\/03\/diario-int-24654-7.jpg 680w, https:\/\/diarioregionaldigital.com.br\/wp-content\/uploads\/2018\/03\/diario-int-24654-7-300x169.jpg 300w, https:\/\/diarioregionaldigital.com.br\/wp-content\/uploads\/2018\/03\/diario-int-24654-7-360x202.jpg 360w\" sizes=\"(max-width: 680px) 100vw, 680px\" \/>Fazendo moda na 4Live, Eduardo Gomes com os irm\u00e3os Renata e Rodrigo Bering<\/p>\n<p style=\"text-align: center;\"><img decoding=\"async\" class=\" size-full wp-image-92943\" src=\"http:\/\/diarioregionaljf.com.br\/wp-content\/uploads\/2018\/03\/diario-int-24654-8.jpg\" alt=\"fotog.jpg\" width=\"680\" style=\"display: block; margin-left: auto; margin-right: auto;\" srcset=\"https:\/\/diarioregionaldigital.com.br\/wp-content\/uploads\/2018\/03\/diario-int-24654-8.jpg 680w, https:\/\/diarioregionaldigital.com.br\/wp-content\/uploads\/2018\/03\/diario-int-24654-8-300x199.jpg 300w, https:\/\/diarioregionaldigital.com.br\/wp-content\/uploads\/2018\/03\/diario-int-24654-8-360x238.jpg 360w\" sizes=\"(max-width: 680px) 100vw, 680px\" \/>Presen\u00e7as \u201cIN\u201d no Caf\u00e9 Filos\u00f3fico na Biblioteca Redentorista, Juber Pac\u00edfico, Janaina Winand, Padre Dalton Barros e prof. Juarez Sofiste<\/p>\n<p style=\"text-align: center;\"><img decoding=\"async\" class=\" size-full wp-image-92944\" src=\"http:\/\/diarioregionaljf.com.br\/wp-content\/uploads\/2018\/03\/diario-int-24654-9.jpg\" alt=\"fotoi.jpg\" width=\"680\" style=\"display: block; margin-left: auto; margin-right: auto;\" srcset=\"https:\/\/diarioregionaldigital.com.br\/wp-content\/uploads\/2018\/03\/diario-int-24654-9.jpg 680w, https:\/\/diarioregionaldigital.com.br\/wp-content\/uploads\/2018\/03\/diario-int-24654-9-300x199.jpg 300w, https:\/\/diarioregionaldigital.com.br\/wp-content\/uploads\/2018\/03\/diario-int-24654-9-360x238.jpg 360w\" sizes=\"(max-width: 680px) 100vw, 680px\" \/>Absoluto como destaque do Salgueiro no Carnaval do Rio, o jornalista juiz-forano Gabriel Meneguelli<\/p>\n<p class=\"h4\" style=\"text-align: center;\">FOTOSS\u00cdNTESE<\/p>\n<p>Em estilo cultura geral, o Espa\u00e7o Excalibur apresenta nesta 6\u00ba feira, 2, \u00e0s 19h, o Sarau com voz e viol\u00e3o com Thiago Miranda e dire\u00e7\u00e3o de Jorge Lenzi. J\u00e1 no s\u00e1bado, 3, \u00e0s 20h tem o Av\u00f4hai Trio apresentando o Tributo a Z\u00e9 Ramalho.<\/p>\n<p>A Prefeitura de Juiz de Fora, Codemig e Governo de Minas Gerais convidando este colunista para a inaugura\u00e7\u00e3o do Teatro Paschoal Carlos Magno, nesta 6\u00ba feira, 2 de mar\u00e7o, \u00e0s 19h30. Evento Hist\u00f3rico.<\/p>\n<p>Novo rei da cocada preta, o cantor Andr\u00e9 Dur\u00e3es apresenta seu show \u201cOs cl\u00e1ssicos de todas as esta\u00e7\u00f5es\u201d, nesta 6\u00aa feira, 2, \u00e0s 20h, na Pizzaria Manollo, na rua Jos\u00e9 de Souza Braga, n\u00ba 41, no bairro Santos Dumont.<\/p>\n<p>O artista-pl\u00e1stico e professor Jos\u00e9 Augusto Petrillo d\u00e1 um verdadeiro show em suas aulas de T\u00e9cnicas de Express\u00e3o, na Faculdade de Arquitetura e Urbanismo do CES\/JF.<\/p>\n<p>O s\u00e1bado, 3, vai ser bomb\u00e1stico no Muzik. A partir das 23h, tem a Festa Atrakada. Para o som pop, Hip Hop e Funk, vai explodir na caixa de som, Dias, Lucas Nunes, Claudio e Guivalves.<\/p>\n<p>Muito elogiada e prestigiada a palestra da m\u00e9dica cardiologista Maria Helena Dias de Macedo sobre Medicina Preventiva. Foi na sede social do C\u00edrculo Militar, na Av. Rio Branco.<\/p>\n<p>Direto de Barcelona, a juiz-forana Nega Lucas lotou a Arteria com seu show maravilhoso. Com ela, os m\u00fasicos Renato de Lapa Macedo e Ma\u00edra Delgado!<\/p>\n<p>A hilariante atriz Lol\u00f3 Neves vai aterrissar na Est\u00e2ncia Dom Vi\u00e7oso com a com\u00e9dia Nu dos outros \u00e9 refresco. Ser\u00e1 dia 10 de mar\u00e7o, \u00e0s 20h30. Reservas: 98815-1512 e 3215-5884.<\/p>\n<p>Entramos em contagem regressiva para a comemora\u00e7\u00e3o de 30 anos de colunismo social. A Noite de Gala vai colocar no palco \u201cOs Melhores de 2018\u201d. Aguardem.<\/p>\n<p>Autor da lei, o vereador Dr. Ant\u00f4nio Aguiar anuncia a sess\u00e3o solene de outorga do T\u00edtulo de Cidad\u00e3o Honor\u00e1rio de Juiz de Fora para o deputado federal Rodrigo Ot\u00e1vio Soares Pacheco. Ser\u00e1 no dia 8 de mar\u00e7o, \u00e0s 19h30, na C\u00e2mara Municipal de Juiz de Fora.<\/p>\n<p>O bonito casal Delma Esteves e Cleiton Mello est\u00e3o completando 20 anos de feliz uni\u00e3o. Parab\u00e9ns.<\/p>\n<p>F\u00e1bio Fortes foi o convidado do Ci\u00eancia ao Bar, na Arteria. Doutor em filosofia, ele desenvolveu o tema\u201d Como vencer um debate usando Plat\u00e3o\u201d.<\/p>\n<p>No s\u00e1bado, 3, o Sindicom\u00e9rcio promove o evento \u201cFalando de varejo com especialistas\u201d. Como convidados os diretores da Universidade do Varejo do Rio de Janeiro, Renato Guedes e Juedir Teixeira.<\/p>\n<p>Para concluir: Cada um ter\u00e1 a vista da montanha que subir. Contente-se com a sua ou suba mais alto! Bom final de semana.<\/p>\n","protected":false},"excerpt":{"rendered":"<p>Ainda CarnavalO jornalista juiz-forano Gabriel Meneguelli foi um dos destaques do segundo carro aleg\u00f3rico do Salgueiro na Marqu\u00eas de Sapuca\u00ed, no Rio de Janeiro, nesse carnaval. A fantasia foi criada pelo carnavalesco Alex de Souza que gabaritou o quesito fantasias na apura\u00e7\u00e3o e atingiu 40 pontos. A fantasia representa o Deus H\u00f3rus, divindade eg\u00edpcia que [&hellip;]<\/p>\n","protected":false},"author":96,"featured_media":92935,"comment_status":"closed","ping_status":"closed","sticky":false,"template":"","format":"standard","meta":{"footnotes":""},"categories":[264],"tags":[],"class_list":["post-92945","post","type-post","status-publish","format-standard","has-post-thumbnail","hentry","category-eduardo-gomes"],"_links":{"self":[{"href":"https:\/\/diarioregionaldigital.com.br\/index.php?rest_route=\/wp\/v2\/posts\/92945","targetHints":{"allow":["GET"]}}],"collection":[{"href":"https:\/\/diarioregionaldigital.com.br\/index.php?rest_route=\/wp\/v2\/posts"}],"about":[{"href":"https:\/\/diarioregionaldigital.com.br\/index.php?rest_route=\/wp\/v2\/types\/post"}],"author":[{"embeddable":true,"href":"https:\/\/diarioregionaldigital.com.br\/index.php?rest_route=\/wp\/v2\/users\/96"}],"replies":[{"embeddable":true,"href":"https:\/\/diarioregionaldigital.com.br\/index.php?rest_route=%2Fwp%2Fv2%2Fcomments&post=92945"}],"version-history":[{"count":0,"href":"https:\/\/diarioregionaldigital.com.br\/index.php?rest_route=\/wp\/v2\/posts\/92945\/revisions"}],"wp:featuredmedia":[{"embeddable":true,"href":"https:\/\/diarioregionaldigital.com.br\/index.php?rest_route=\/wp\/v2\/media\/92935"}],"wp:attachment":[{"href":"https:\/\/diarioregionaldigital.com.br\/index.php?rest_route=%2Fwp%2Fv2%2Fmedia&parent=92945"}],"wp:term":[{"taxonomy":"category","embeddable":true,"href":"https:\/\/diarioregionaldigital.com.br\/index.php?rest_route=%2Fwp%2Fv2%2Fcategories&post=92945"},{"taxonomy":"post_tag","embeddable":true,"href":"https:\/\/diarioregionaldigital.com.br\/index.php?rest_route=%2Fwp%2Fv2%2Ftags&post=92945"}],"curies":[{"name":"wp","href":"https:\/\/api.w.org\/{rel}","templated":true}]}}