{"id":92934,"date":"2018-03-01T22:16:30","date_gmt":"2018-03-02T01:16:30","guid":{"rendered":"http:\/\/diarioregionaljf.com.br\/2018\/03\/01\/dois-onibus-do-servico-de-transporte-coletivo-sao-recolhidos-durante-operacao-da-settra\/"},"modified":"2018-03-01T22:16:30","modified_gmt":"2018-03-02T01:16:30","slug":"dois-onibus-do-servico-de-transporte-coletivo-sao-recolhidos-durante-operacao-da-settra","status":"publish","type":"post","link":"https:\/\/diarioregionaldigital.com.br\/?p=92934","title":{"rendered":"Dois \u00f4nibus do servi\u00e7o de transporte coletivo s\u00e3o recolhidos durante opera\u00e7\u00e3o da Settra"},"content":{"rendered":"<p>Dando seguimento \u00e0 for\u00e7a-tarefa de intensifica\u00e7\u00e3o de fiscaliza\u00e7\u00e3o, a Secretaria de Transporte e Tr\u00e2nsito (Settra) da Prefeitura de Juiz de Fora (PJF) realizou, nesta quinta-feira, 1\u00ba de mar\u00e7o, mais uma opera\u00e7\u00e3o para verificar os elevadores do transporte coletivo da cidade. Desta vez, a a\u00e7\u00e3o aconteceu no ponto da Avenida Get\u00falio Vargas no sentido Centro\/bairro.<\/p>\n<p>Foram fiscalizados 26 \u00f4nibus, dos quais, dois foram autuados, recolhidos e substitu\u00eddos, em decorr\u00eancia do n\u00e3o funcionamento do elevador. O cons\u00f3rcio ter\u00e1 que pagar multa no valor de R$164,33 por ve\u00edculo. Outros seis ve\u00edculos foram flagrados com irregularidade, tr\u00eas por defeito no cinto de seguran\u00e7a disponibilizado para os cadeirantes, tr\u00eas por falta de lubrifica\u00e7\u00e3o nos elevadores, um por problema no sinal sonoro de desembarque. O cons\u00f3rcio pagar\u00e1 R$164,33 em multa por infra\u00e7\u00e3o. A blitz \u00e9 complemento das atividades de rotina de fiscaliza\u00e7\u00e3o da Settra, para garantir melhorias no servi\u00e7o e cumprimento das exig\u00eancias legais relacionadas ao transporte p\u00fablico.<\/p>\n<p>O secret\u00e1rio de Transporte e Tr\u00e2nsito, Rodrigo Tortoriello, refor\u00e7ou que a Settra tem intensificado suas opera\u00e7\u00f5es para assegurar o bom funcionamento do sistema de transporte coletivo e tamb\u00e9m um tr\u00e2nsito mais seguro e harmonioso. \u201cJ\u00e1 fizemos esta a\u00e7\u00e3o na Rio Branco e hoje na Get\u00falio Vargas, para garantir que os equipamentos funcionem e que as pessoas necessitadas do dispositivo tenham o direito de utilizar o transporte\u201d.<\/p>\n<p>Rodrigo ressaltou, ainda, que outra frente de trabalho \u00e9 o combate ao transporte clandestino. De ter\u00e7a-feira, 27 de fevereiro, at\u00e9 a manh\u00e3 desta quinta, foram feitas fiscaliza\u00e7\u00f5es na porta de escolas no Bairro Santa Terezinha. Um ve\u00edculo foi autuado por esta infra\u00e7\u00e3o, que \u00e9 considerada m\u00e9dia, com perda de quatro pontos na carteira e o pagamento de multa no valor de R$130,16.<\/p>\n<p>&nbsp;<\/p>\n<h4>TR\u00c2NSITO<\/h4>\n<p>Em rela\u00e7\u00e3o \u00e0 for\u00e7a-tarefa do tr\u00e2nsito, na sexta-feira, 23, a intensifica\u00e7\u00e3o aconteceu em Benfica e Alto dos Passos. A principal infra\u00e7\u00e3o registrada foi estacionamento irregular. Ao todo, foram 58 autua\u00e7\u00f5es, sendo 35 registros no Bairro da Zona Norte e 23 na localidade da Zona Sul.<\/p>\n<p>Den\u00fancias, elogios ou sugest\u00e3o relacionadas ao servi\u00e7o de transporte coletivo ou escolar podem ser feitas \u00e0 Settra, atrav\u00e9s do 3690-8218 ou do settraatende@pjf.mg.gov.br. Em casos de flagrantes de infra\u00e7\u00f5es, a equipe de agentes de fiscaliza\u00e7\u00e3o de transporte e tr\u00e2nsito pode ser acionada atrav\u00e9s do 3690-7400.<\/p>\n<p>&nbsp;<\/p>\n<p>Fonte: Assessoria<\/p>\n","protected":false},"excerpt":{"rendered":"<p>Dando seguimento \u00e0 for\u00e7a-tarefa de intensifica\u00e7\u00e3o de fiscaliza\u00e7\u00e3o, a Secretaria de Transporte e Tr\u00e2nsito (Settra) da Prefeitura de Juiz de Fora (PJF) realizou, nesta quinta-feira, 1\u00ba de mar\u00e7o, mais uma opera\u00e7\u00e3o para verificar os elevadores do transporte coletivo da cidade. Desta vez, a a\u00e7\u00e3o aconteceu no ponto da Avenida Get\u00falio Vargas no sentido Centro\/bairro. Foram [&hellip;]<\/p>\n","protected":false},"author":96,"featured_media":92933,"comment_status":"closed","ping_status":"closed","sticky":false,"template":"","format":"standard","meta":{"footnotes":""},"categories":[253],"tags":[],"class_list":["post-92934","post","type-post","status-publish","format-standard","has-post-thumbnail","hentry","category-cidade"],"_links":{"self":[{"href":"https:\/\/diarioregionaldigital.com.br\/index.php?rest_route=\/wp\/v2\/posts\/92934","targetHints":{"allow":["GET"]}}],"collection":[{"href":"https:\/\/diarioregionaldigital.com.br\/index.php?rest_route=\/wp\/v2\/posts"}],"about":[{"href":"https:\/\/diarioregionaldigital.com.br\/index.php?rest_route=\/wp\/v2\/types\/post"}],"author":[{"embeddable":true,"href":"https:\/\/diarioregionaldigital.com.br\/index.php?rest_route=\/wp\/v2\/users\/96"}],"replies":[{"embeddable":true,"href":"https:\/\/diarioregionaldigital.com.br\/index.php?rest_route=%2Fwp%2Fv2%2Fcomments&post=92934"}],"version-history":[{"count":0,"href":"https:\/\/diarioregionaldigital.com.br\/index.php?rest_route=\/wp\/v2\/posts\/92934\/revisions"}],"wp:featuredmedia":[{"embeddable":true,"href":"https:\/\/diarioregionaldigital.com.br\/index.php?rest_route=\/wp\/v2\/media\/92933"}],"wp:attachment":[{"href":"https:\/\/diarioregionaldigital.com.br\/index.php?rest_route=%2Fwp%2Fv2%2Fmedia&parent=92934"}],"wp:term":[{"taxonomy":"category","embeddable":true,"href":"https:\/\/diarioregionaldigital.com.br\/index.php?rest_route=%2Fwp%2Fv2%2Fcategories&post=92934"},{"taxonomy":"post_tag","embeddable":true,"href":"https:\/\/diarioregionaldigital.com.br\/index.php?rest_route=%2Fwp%2Fv2%2Ftags&post=92934"}],"curies":[{"name":"wp","href":"https:\/\/api.w.org\/{rel}","templated":true}]}}