{"id":92931,"date":"2018-03-01T21:09:28","date_gmt":"2018-03-02T00:09:28","guid":{"rendered":"http:\/\/diarioregionaljf.com.br\/2018\/03\/01\/governo-lanca-plano-para-fortalecer-a-fruticultura-no-brasil\/"},"modified":"2018-03-01T21:09:28","modified_gmt":"2018-03-02T00:09:28","slug":"governo-lanca-plano-para-fortalecer-a-fruticultura-no-brasil","status":"publish","type":"post","link":"https:\/\/diarioregionaldigital.com.br\/?p=92931","title":{"rendered":"Governo lan\u00e7a plano para fortalecer a fruticultura no Brasil"},"content":{"rendered":"<p>Com o objetivo de melhorar a qualidade, aumentar a produ\u00e7\u00e3o e intensificar o consumo interno e as exporta\u00e7\u00f5es das frutas brasileiras, o Governo do Brasil lan\u00e7ou, em parceria com entidades do setor privado, o Plano Nacional do Desenvolvimento da Fruticultura (PNDF). Segundo o ministro da Agricultura, Pecu\u00e1ria e Abastecimento, Blairo Maggi, o plano \u00e9 extenso e abrange desde novas regras para o licenciamento de uso de produtos agroqu\u00edmicos at\u00e9 a padroniza\u00e7\u00e3o internacional dos certificados fitossanit\u00e1rios.<\/p>\n<p>Considerada uma das mais diversificadas do mundo, a fruticultura brasileira conta com uma \u00e1rea de cultivo que supera 2 milh\u00f5es de hectares. De norte a sul do Pa\u00eds, uma grande variedade de esp\u00e9cies de frutas temperadas e tropicais s\u00e3o cultivadas, produzindo 44 milh\u00f5es de toneladas ao longo do ano.<\/p>\n<p>Para o presidente da Abrafrutas (Associa\u00e7\u00e3o Brasileira dos Produtores Exportadores de Frutas e Derivados), Luiz Roberto Barcelos, as exporta\u00e7\u00f5es brasileiras de frutas frescas t\u00eam potencial para crescer. Mas, apesar de ser o terceiro maior produtor de frutas, o Brasil ainda figura no 23\u00ba lugar entre os maiores pa\u00edses em exporta\u00e7\u00e3o desses produtos. Com o PNDF, a expectativa \u00e9 aumentar o desenvolvimento do setor.<\/p>\n<p>&nbsp;<\/p>\n<p><strong>As metas da fruticultura brasileira at\u00e9 2028, de acordo com o PNDF:<\/strong><\/p>\n<p>&#8211; Participar com R$60 bilh\u00f5es no mercado global de alimentos;<\/p>\n<p>&#8211; Contribuir para que o consumo de frutas e seus derivados no mercado interno atinjam a marca de 70 kg\/per capita\/ano;<\/p>\n<p>&#8211; Atingir o valor de US$2 bilh\u00f5es em exporta\u00e7\u00f5es de frutas frescas e derivados.<\/p>\n<p>&nbsp;<\/p>\n<p>Fonte: Portal Brasil<\/p>\n","protected":false},"excerpt":{"rendered":"<p>Com o objetivo de melhorar a qualidade, aumentar a produ\u00e7\u00e3o e intensificar o consumo interno e as exporta\u00e7\u00f5es das frutas brasileiras, o Governo do Brasil lan\u00e7ou, em parceria com entidades do setor privado, o Plano Nacional do Desenvolvimento da Fruticultura (PNDF). Segundo o ministro da Agricultura, Pecu\u00e1ria e Abastecimento, Blairo Maggi, o plano \u00e9 extenso [&hellip;]<\/p>\n","protected":false},"author":96,"featured_media":92930,"comment_status":"closed","ping_status":"closed","sticky":false,"template":"","format":"standard","meta":{"footnotes":""},"categories":[261],"tags":[],"class_list":["post-92931","post","type-post","status-publish","format-standard","has-post-thumbnail","hentry","category-economia"],"_links":{"self":[{"href":"https:\/\/diarioregionaldigital.com.br\/index.php?rest_route=\/wp\/v2\/posts\/92931","targetHints":{"allow":["GET"]}}],"collection":[{"href":"https:\/\/diarioregionaldigital.com.br\/index.php?rest_route=\/wp\/v2\/posts"}],"about":[{"href":"https:\/\/diarioregionaldigital.com.br\/index.php?rest_route=\/wp\/v2\/types\/post"}],"author":[{"embeddable":true,"href":"https:\/\/diarioregionaldigital.com.br\/index.php?rest_route=\/wp\/v2\/users\/96"}],"replies":[{"embeddable":true,"href":"https:\/\/diarioregionaldigital.com.br\/index.php?rest_route=%2Fwp%2Fv2%2Fcomments&post=92931"}],"version-history":[{"count":0,"href":"https:\/\/diarioregionaldigital.com.br\/index.php?rest_route=\/wp\/v2\/posts\/92931\/revisions"}],"wp:featuredmedia":[{"embeddable":true,"href":"https:\/\/diarioregionaldigital.com.br\/index.php?rest_route=\/wp\/v2\/media\/92930"}],"wp:attachment":[{"href":"https:\/\/diarioregionaldigital.com.br\/index.php?rest_route=%2Fwp%2Fv2%2Fmedia&parent=92931"}],"wp:term":[{"taxonomy":"category","embeddable":true,"href":"https:\/\/diarioregionaldigital.com.br\/index.php?rest_route=%2Fwp%2Fv2%2Fcategories&post=92931"},{"taxonomy":"post_tag","embeddable":true,"href":"https:\/\/diarioregionaldigital.com.br\/index.php?rest_route=%2Fwp%2Fv2%2Ftags&post=92931"}],"curies":[{"name":"wp","href":"https:\/\/api.w.org\/{rel}","templated":true}]}}