{"id":92929,"date":"2018-03-01T20:48:27","date_gmt":"2018-03-01T23:48:27","guid":{"rendered":"http:\/\/diarioregionaljf.com.br\/2018\/03\/01\/temer-diz-que-reforma-da-previdencia-nao-saiu-da-pauta-politica-do-pais\/"},"modified":"2018-03-01T20:48:27","modified_gmt":"2018-03-01T23:48:27","slug":"temer-diz-que-reforma-da-previdencia-nao-saiu-da-pauta-politica-do-pais","status":"publish","type":"post","link":"https:\/\/diarioregionaldigital.com.br\/?p=92929","title":{"rendered":"Temer diz que reforma da Previd\u00eancia n\u00e3o saiu da pauta pol\u00edtica do pa\u00eds"},"content":{"rendered":"<p>O presidente Michel Temer disse hoje, 1\u00b0, que a reforma da Previd\u00eancia n\u00e3o saiu da pauta pol\u00edtica do pa\u00eds. Segundo ele, se for poss\u00edvel cessar a interven\u00e7\u00e3o federal na \u00e1rea de seguran\u00e7a p\u00fablica no Rio de Janeiro nos \u00faltimos meses do ano, existe a possibilidade de a reforma voltar \u00e0 pauta.<\/p>\n<p>\u201cEla saiu da pauta legislativa, mas n\u00e3o da pauta pol\u00edtica do pa\u00eds\u201d, disse em entrevista \u00e0 R\u00e1dio Tupi. \u201cN\u00e3o quero garantir, \u00e9 uma conjectura, mas pode ocorrer de quando chegar em setembro, outubro, eu possa fazer cessar a interven\u00e7\u00e3o. N\u00e3o quero manter a interven\u00e7\u00e3o eternamente no Rio de Janeiro, nem \u00e9 saud\u00e1vel. Se ocorrer isso, voc\u00ea ter\u00e1 logo depois da elei\u00e7\u00e3o, tr\u00eas meses &#8211; outubro, novembro, dezembro &#8211; para ainda tentar votar a Previd\u00eancia\u201d, acrescentou.<\/p>\n<p>Enquanto a interven\u00e7\u00e3o vigorar, o Congresso Nacional fica impedido, pela Constitui\u00e7\u00e3o Federal, de aprovar quaisquer propostas de emenda \u00e0 Constitui\u00e7\u00e3o (PEC), como \u00e9 caso da reforma da Previd\u00eancia.<\/p>\n<p>Ao ser questionado sobre elei\u00e7\u00f5es, Temer reafirmou que n\u00e3o pretende ser candidato no pleito de outubro. \u201cN\u00e3o tenho essa inten\u00e7\u00e3o [de me candidatar]. Se eu passar para a hist\u00f3ria como algu\u00e9m que deu jeito no pa\u00eds, j\u00e1 me sinto muito feliz\u201d.<\/p>\n<p>O presidente destacou os bons resultados da economia brasileira e a gera\u00e7\u00e3o de empregos. Temer disse que a reativa\u00e7\u00e3o da economia \u00e9 o que ir\u00e1 criar mais postos de trabalho. Ele estimou que este ano sejam criados tr\u00eas milh\u00f5es de vagas. \u201cNeste trimestre, houve abertura de 1,8 milh\u00e3o de novos postos de trabalho e a previs\u00e3o \u00e9 de que haja tr\u00eas milh\u00f5es de postos de trabalho neste ano\u201d, disse.<\/p>\n<p>&nbsp;<\/p>\n<p>Fonte: Ag\u00eancia Brasil<\/p>\n","protected":false},"excerpt":{"rendered":"<p>O presidente Michel Temer disse hoje, 1\u00b0, que a reforma da Previd\u00eancia n\u00e3o saiu da pauta pol\u00edtica do pa\u00eds. Segundo ele, se for poss\u00edvel cessar a interven\u00e7\u00e3o federal na \u00e1rea de seguran\u00e7a p\u00fablica no Rio de Janeiro nos \u00faltimos meses do ano, existe a possibilidade de a reforma voltar \u00e0 pauta. \u201cEla saiu da pauta [&hellip;]<\/p>\n","protected":false},"author":96,"featured_media":92928,"comment_status":"closed","ping_status":"closed","sticky":false,"template":"","format":"standard","meta":{"footnotes":""},"categories":[254],"tags":[],"class_list":["post-92929","post","type-post","status-publish","format-standard","has-post-thumbnail","hentry","category-politica"],"_links":{"self":[{"href":"https:\/\/diarioregionaldigital.com.br\/index.php?rest_route=\/wp\/v2\/posts\/92929","targetHints":{"allow":["GET"]}}],"collection":[{"href":"https:\/\/diarioregionaldigital.com.br\/index.php?rest_route=\/wp\/v2\/posts"}],"about":[{"href":"https:\/\/diarioregionaldigital.com.br\/index.php?rest_route=\/wp\/v2\/types\/post"}],"author":[{"embeddable":true,"href":"https:\/\/diarioregionaldigital.com.br\/index.php?rest_route=\/wp\/v2\/users\/96"}],"replies":[{"embeddable":true,"href":"https:\/\/diarioregionaldigital.com.br\/index.php?rest_route=%2Fwp%2Fv2%2Fcomments&post=92929"}],"version-history":[{"count":0,"href":"https:\/\/diarioregionaldigital.com.br\/index.php?rest_route=\/wp\/v2\/posts\/92929\/revisions"}],"wp:featuredmedia":[{"embeddable":true,"href":"https:\/\/diarioregionaldigital.com.br\/index.php?rest_route=\/wp\/v2\/media\/92928"}],"wp:attachment":[{"href":"https:\/\/diarioregionaldigital.com.br\/index.php?rest_route=%2Fwp%2Fv2%2Fmedia&parent=92929"}],"wp:term":[{"taxonomy":"category","embeddable":true,"href":"https:\/\/diarioregionaldigital.com.br\/index.php?rest_route=%2Fwp%2Fv2%2Fcategories&post=92929"},{"taxonomy":"post_tag","embeddable":true,"href":"https:\/\/diarioregionaldigital.com.br\/index.php?rest_route=%2Fwp%2Fv2%2Ftags&post=92929"}],"curies":[{"name":"wp","href":"https:\/\/api.w.org\/{rel}","templated":true}]}}