{"id":92927,"date":"2018-03-01T20:42:32","date_gmt":"2018-03-01T23:42:32","guid":{"rendered":"http:\/\/diarioregionaljf.com.br\/2018\/03\/01\/resolucao-aprovada-pelo-tse-preve-verificacao-de-voto-impresso-nas-eleicoes\/"},"modified":"2018-03-01T20:42:32","modified_gmt":"2018-03-01T23:42:32","slug":"resolucao-aprovada-pelo-tse-preve-verificacao-de-voto-impresso-nas-eleicoes","status":"publish","type":"post","link":"https:\/\/diarioregionaldigital.com.br\/?p=92927","title":{"rendered":"Resolu\u00e7\u00e3o aprovada pelo TSE prev\u00ea verifica\u00e7\u00e3o de voto impresso nas elei\u00e7\u00f5es"},"content":{"rendered":"<p>O Tribunal Superior Eleitoral (TSE) aprovou nessa quinta-feira,1\u00b0, a resolu\u00e7\u00e3o que vai disciplinar a impress\u00e3o dos votos em parte das urnas do pa\u00eds. O documento prev\u00ea a verifica\u00e7\u00e3o manual da vota\u00e7\u00e3o em um n\u00famero restrito de sess\u00f5es eleitorais.<\/p>\n<p>Conforme j\u00e1 havia sido divulgado anteriormente, o eleitor n\u00e3o ter\u00e1 contato direto com o comprovante de vota\u00e7\u00e3o, podendo apenas verificar visualmente se o que est\u00e1 impresso no papel condiz com o que aparece na tela da urna eletr\u00f4nica.<\/p>\n<p>A resolu\u00e7\u00e3o aprovada pelo TSE prev\u00ea que cada estado ter\u00e1 apenas um local para a verifica\u00e7\u00e3o manual dos votos, que come\u00e7ar\u00e1 a ser feita em at\u00e9 quatro dias \u00fateis ap\u00f3s cada turno da elei\u00e7\u00e3o. A opera\u00e7\u00e3o ser\u00e1 conduzida por servidores da Justi\u00e7a Eleitoral, com a participa\u00e7\u00e3o de fiscais dos partidos. O processo ser\u00e1 p\u00fablico, podendo ser acompanhado por qualquer interessado. Os locais devem ser divulgados 20 dias antes do primeiro turno.<\/p>\n<p>Segunda a norma, nem todas as urnas equipadas com impressoras ser\u00e3o alvo da verifica\u00e7\u00e3o. Dois dias ap\u00f3s cada turno, a Justi\u00e7a Eleitoral deve divulgar quais urnas, em quais se\u00e7\u00f5es, participar\u00e3o do processo.<\/p>\n<p>De acordo com o TSE, cerca de 5% (30 mil) das 600 mil urnas eletr\u00f4nicas dever\u00e3o estar equipadas com impressoras nas elei\u00e7\u00f5es de 2018. A resolu\u00e7\u00e3o aprovada nesta quinta-feira disciplina ainda os procedimentos a serem adotados em caso de mal funcionamento do equipamento.<\/p>\n<p>&nbsp;<\/p>\n<p>Fonte: Ag\u00eancia Brasil<\/p>\n","protected":false},"excerpt":{"rendered":"<p>O Tribunal Superior Eleitoral (TSE) aprovou nessa quinta-feira,1\u00b0, a resolu\u00e7\u00e3o que vai disciplinar a impress\u00e3o dos votos em parte das urnas do pa\u00eds. O documento prev\u00ea a verifica\u00e7\u00e3o manual da vota\u00e7\u00e3o em um n\u00famero restrito de sess\u00f5es eleitorais. Conforme j\u00e1 havia sido divulgado anteriormente, o eleitor n\u00e3o ter\u00e1 contato direto com o comprovante de vota\u00e7\u00e3o, [&hellip;]<\/p>\n","protected":false},"author":96,"featured_media":92926,"comment_status":"closed","ping_status":"closed","sticky":false,"template":"","format":"standard","meta":{"footnotes":""},"categories":[254],"tags":[],"class_list":["post-92927","post","type-post","status-publish","format-standard","has-post-thumbnail","hentry","category-politica"],"_links":{"self":[{"href":"https:\/\/diarioregionaldigital.com.br\/index.php?rest_route=\/wp\/v2\/posts\/92927","targetHints":{"allow":["GET"]}}],"collection":[{"href":"https:\/\/diarioregionaldigital.com.br\/index.php?rest_route=\/wp\/v2\/posts"}],"about":[{"href":"https:\/\/diarioregionaldigital.com.br\/index.php?rest_route=\/wp\/v2\/types\/post"}],"author":[{"embeddable":true,"href":"https:\/\/diarioregionaldigital.com.br\/index.php?rest_route=\/wp\/v2\/users\/96"}],"replies":[{"embeddable":true,"href":"https:\/\/diarioregionaldigital.com.br\/index.php?rest_route=%2Fwp%2Fv2%2Fcomments&post=92927"}],"version-history":[{"count":0,"href":"https:\/\/diarioregionaldigital.com.br\/index.php?rest_route=\/wp\/v2\/posts\/92927\/revisions"}],"wp:featuredmedia":[{"embeddable":true,"href":"https:\/\/diarioregionaldigital.com.br\/index.php?rest_route=\/wp\/v2\/media\/92926"}],"wp:attachment":[{"href":"https:\/\/diarioregionaldigital.com.br\/index.php?rest_route=%2Fwp%2Fv2%2Fmedia&parent=92927"}],"wp:term":[{"taxonomy":"category","embeddable":true,"href":"https:\/\/diarioregionaldigital.com.br\/index.php?rest_route=%2Fwp%2Fv2%2Fcategories&post=92927"},{"taxonomy":"post_tag","embeddable":true,"href":"https:\/\/diarioregionaldigital.com.br\/index.php?rest_route=%2Fwp%2Fv2%2Ftags&post=92927"}],"curies":[{"name":"wp","href":"https:\/\/api.w.org\/{rel}","templated":true}]}}