{"id":92925,"date":"2018-03-01T20:32:29","date_gmt":"2018-03-01T23:32:29","guid":{"rendered":"http:\/\/diarioregionaljf.com.br\/2018\/03\/01\/tse-autoriza-candidatos-transgeneros-a-usarem-nome-social-nas-urnas\/"},"modified":"2018-03-01T20:32:29","modified_gmt":"2018-03-01T23:32:29","slug":"tse-autoriza-candidatos-transgeneros-a-usarem-nome-social-nas-urnas","status":"publish","type":"post","link":"https:\/\/diarioregionaldigital.com.br\/?p=92925","title":{"rendered":"TSE autoriza candidatos transg\u00eaneros a usarem nome social nas urnas"},"content":{"rendered":"<p>O plen\u00e1rio do Tribunal Superior Eleitoral (TSE) autorizou nessa quinta-feira, 1\u00ba, que candidatos transg\u00eaneros possam usar o nome social nas urnas a partir das elei\u00e7\u00f5es deste ano. A decis\u00e3o foi em atendimento a uma consulta formulada pela senadora F\u00e1tima Bezerra (PT-RN).<\/p>\n<p>Ao justificar sua posi\u00e7\u00e3o, o relator do caso, ministro Tarcisio Vieira, disse ser \u201cimperioso avan\u00e7ar e adotar medidas que denotem respeito \u00e0 diversidade, ao pluralismo, \u00e0 subjetividade e \u00e0 individualidade como express\u00f5es do postulado supremo da dignidade da pessoa humana\u201d.<\/p>\n<p>\u201cUm dos objetivos fundamentais da Rep\u00fablica Federativa do Brasil consiste em promover o bem de todos, sem preconceito de origem, ra\u00e7a, sexo, cor idade ou quaisquer outras formas de descrimina\u00e7\u00e3o\u201d, pontuou Vieira.<\/p>\n<p>&nbsp;<\/p>\n<h4>MUDA BRASIL<\/h4>\n<p>Tamb\u00e9m na sess\u00e3o plen\u00e1ria de hoje, o TSE negou por unanimidade o pedido de reconsidera\u00e7\u00e3o feito pelo Partido Muda Brasil (PMB), que pretendia obter registro de seu estatuto, tentando reverter decis\u00e3o tomada em outubro pelo plen\u00e1rio.<\/p>\n<p>Segundo Tarcisio Vieira, o pedido de registro do PMB foi prematuro e, por isso, n\u00e3o conseguiu contar com o n\u00famero m\u00ednimo de eleitores exigido pela lei &#8211; que \u00e9 de pelo menos, 0,5% dos votos dados na \u00faltima elei\u00e7\u00e3o geral para a C\u00e2mara dos Deputados (aproximadamente 500 mil), n\u00e3o computados os votos brancos e nulos.<\/p>\n<p>A lei determina, tamb\u00e9m, que esses votos devem estar distribu\u00eddos por um ter\u00e7o, ou mais, dos estados, com um m\u00ednimo de 0,1% do eleitorado que votou em cada um deles.<\/p>\n<p>&nbsp;<\/p>\n<p>Fonte: Ag\u00eancia Brasil<\/p>\n","protected":false},"excerpt":{"rendered":"<p>O plen\u00e1rio do Tribunal Superior Eleitoral (TSE) autorizou nessa quinta-feira, 1\u00ba, que candidatos transg\u00eaneros possam usar o nome social nas urnas a partir das elei\u00e7\u00f5es deste ano. A decis\u00e3o foi em atendimento a uma consulta formulada pela senadora F\u00e1tima Bezerra (PT-RN). Ao justificar sua posi\u00e7\u00e3o, o relator do caso, ministro Tarcisio Vieira, disse ser \u201cimperioso [&hellip;]<\/p>\n","protected":false},"author":96,"featured_media":92924,"comment_status":"closed","ping_status":"closed","sticky":false,"template":"","format":"standard","meta":{"footnotes":""},"categories":[254],"tags":[],"class_list":["post-92925","post","type-post","status-publish","format-standard","has-post-thumbnail","hentry","category-politica"],"_links":{"self":[{"href":"https:\/\/diarioregionaldigital.com.br\/index.php?rest_route=\/wp\/v2\/posts\/92925","targetHints":{"allow":["GET"]}}],"collection":[{"href":"https:\/\/diarioregionaldigital.com.br\/index.php?rest_route=\/wp\/v2\/posts"}],"about":[{"href":"https:\/\/diarioregionaldigital.com.br\/index.php?rest_route=\/wp\/v2\/types\/post"}],"author":[{"embeddable":true,"href":"https:\/\/diarioregionaldigital.com.br\/index.php?rest_route=\/wp\/v2\/users\/96"}],"replies":[{"embeddable":true,"href":"https:\/\/diarioregionaldigital.com.br\/index.php?rest_route=%2Fwp%2Fv2%2Fcomments&post=92925"}],"version-history":[{"count":0,"href":"https:\/\/diarioregionaldigital.com.br\/index.php?rest_route=\/wp\/v2\/posts\/92925\/revisions"}],"wp:featuredmedia":[{"embeddable":true,"href":"https:\/\/diarioregionaldigital.com.br\/index.php?rest_route=\/wp\/v2\/media\/92924"}],"wp:attachment":[{"href":"https:\/\/diarioregionaldigital.com.br\/index.php?rest_route=%2Fwp%2Fv2%2Fmedia&parent=92925"}],"wp:term":[{"taxonomy":"category","embeddable":true,"href":"https:\/\/diarioregionaldigital.com.br\/index.php?rest_route=%2Fwp%2Fv2%2Fcategories&post=92925"},{"taxonomy":"post_tag","embeddable":true,"href":"https:\/\/diarioregionaldigital.com.br\/index.php?rest_route=%2Fwp%2Fv2%2Ftags&post=92925"}],"curies":[{"name":"wp","href":"https:\/\/api.w.org\/{rel}","templated":true}]}}