{"id":92923,"date":"2018-03-01T20:25:58","date_gmt":"2018-03-01T23:25:58","guid":{"rendered":"http:\/\/diarioregionaljf.com.br\/2018\/03\/01\/cresca-e-permaneca-com-planejamento-empresarial\/"},"modified":"2018-03-01T20:25:58","modified_gmt":"2018-03-01T23:25:58","slug":"cresca-e-permaneca-com-planejamento-empresarial","status":"publish","type":"post","link":"https:\/\/diarioregionaldigital.com.br\/?p=92923","title":{"rendered":"Cres\u00e7a e permane\u00e7a com Planejamento Empresarial"},"content":{"rendered":"<p>Ol\u00e1, tudo bem?<\/p>\n<p>O PIB 2017 saiu nessa quinta-feira, 1\u00ba de mar\u00e7o, e cresceu 1% em rela\u00e7\u00e3o a 2016, enquanto o setor de franquias cresceu 8%. Isso vem se repetindo h\u00e1 anos e um dos fatores \u00e9 o planejamento.<\/p>\n<p>Tr\u00eas pontos s\u00e3o muito importantes pra sua empresa permanecer no mercado: planejamento, gest\u00e3o e capacita\u00e7\u00e3o. O empres\u00e1rio de sucesso sabe que , e bem realizado e embasado, controlado e ajustado, o planejamento leva o seu neg\u00f3cio a patamares alt\u00edssimos.<\/p>\n<p>Como fazer um planejamento efetivo para seu neg\u00f3cio?<\/p>\n<p>Com o calend\u00e1rio em m\u00e3os e um local para anota\u00e7\u00f5es, vamos \u00e0s datas importantes do ano. Pense como se preparar para o dia das m\u00e3es, das crian\u00e7as, dos namorados e feriados. Quem \u00e9 o seu p\u00fablico? Quanto e como vai comprar para esses per\u00edodos? Vai ter onde estocar? Como vai fazer o seu marketing? Como vai treinar seus funcion\u00e1rios para receber esse p\u00fablico? Vai precisar de mais pessoas? E o seu fluxo de caixa, como est\u00e1? Vai focar na venda \u00e0 vista ou cart\u00e3o? Como est\u00e1 o visual de sua loja ou a sala de recep\u00e7\u00e3o de sua empresa? Sua linha de produ\u00e7\u00e3o est\u00e1 de acordo com o volume pretendido?<\/p>\n<p>Perceba tend\u00eancias e fique antenado no que est\u00e1 acontecendo na internet.<\/p>\n<p>Planejamento \u00e9 coisa s\u00e9ria, pe\u00e7a ajuda de profissionais se necess\u00e1rio. Antecipe-se aos desafios e ao mercado. Cres\u00e7a e permane\u00e7a! O mercado est\u00e1 com muitas dores a serem resolvidas, ofere\u00e7a solu\u00e7\u00f5es efetivas e atraia mais gente para o seu neg\u00f3cio.<\/p>\n<p>&nbsp;<\/p>\n<p style=\"text-align: center;\"><strong>Rog\u00e9rio Paschoalino, Administrador, MBA em Administra\u00e7\u00e3o Estrat\u00e9gica, Consultor de Empresas e Diretor do Conselho Jovem da Associa\u00e7\u00e3o Comercial e Industrial de Juiz de Fora.<\/strong><\/p><\/p>\n","protected":false},"excerpt":{"rendered":"<p>Ol\u00e1, tudo bem? O PIB 2017 saiu nessa quinta-feira, 1\u00ba de mar\u00e7o, e cresceu 1% em rela\u00e7\u00e3o a 2016, enquanto o setor de franquias cresceu 8%. Isso vem se repetindo h\u00e1 anos e um dos fatores \u00e9 o planejamento. Tr\u00eas pontos s\u00e3o muito importantes pra sua empresa permanecer no mercado: planejamento, gest\u00e3o e capacita\u00e7\u00e3o. O [&hellip;]<\/p>\n","protected":false},"author":96,"featured_media":92922,"comment_status":"closed","ping_status":"closed","sticky":false,"template":"","format":"standard","meta":{"footnotes":""},"categories":[300],"tags":[],"class_list":["post-92923","post","type-post","status-publish","format-standard","has-post-thumbnail","hentry","category-coaches-club"],"_links":{"self":[{"href":"https:\/\/diarioregionaldigital.com.br\/index.php?rest_route=\/wp\/v2\/posts\/92923","targetHints":{"allow":["GET"]}}],"collection":[{"href":"https:\/\/diarioregionaldigital.com.br\/index.php?rest_route=\/wp\/v2\/posts"}],"about":[{"href":"https:\/\/diarioregionaldigital.com.br\/index.php?rest_route=\/wp\/v2\/types\/post"}],"author":[{"embeddable":true,"href":"https:\/\/diarioregionaldigital.com.br\/index.php?rest_route=\/wp\/v2\/users\/96"}],"replies":[{"embeddable":true,"href":"https:\/\/diarioregionaldigital.com.br\/index.php?rest_route=%2Fwp%2Fv2%2Fcomments&post=92923"}],"version-history":[{"count":0,"href":"https:\/\/diarioregionaldigital.com.br\/index.php?rest_route=\/wp\/v2\/posts\/92923\/revisions"}],"wp:featuredmedia":[{"embeddable":true,"href":"https:\/\/diarioregionaldigital.com.br\/index.php?rest_route=\/wp\/v2\/media\/92922"}],"wp:attachment":[{"href":"https:\/\/diarioregionaldigital.com.br\/index.php?rest_route=%2Fwp%2Fv2%2Fmedia&parent=92923"}],"wp:term":[{"taxonomy":"category","embeddable":true,"href":"https:\/\/diarioregionaldigital.com.br\/index.php?rest_route=%2Fwp%2Fv2%2Fcategories&post=92923"},{"taxonomy":"post_tag","embeddable":true,"href":"https:\/\/diarioregionaldigital.com.br\/index.php?rest_route=%2Fwp%2Fv2%2Ftags&post=92923"}],"curies":[{"name":"wp","href":"https:\/\/api.w.org\/{rel}","templated":true}]}}