{"id":92919,"date":"2018-03-01T20:10:17","date_gmt":"2018-03-01T23:10:17","guid":{"rendered":"http:\/\/diarioregionaljf.com.br\/2018\/03\/01\/sistema-da-receita-recebe-125-mil-declaracoes-do-ir-nas-primeiras-tres-horas\/"},"modified":"2018-03-01T20:10:17","modified_gmt":"2018-03-01T23:10:17","slug":"sistema-da-receita-recebe-125-mil-declaracoes-do-ir-nas-primeiras-tres-horas","status":"publish","type":"post","link":"https:\/\/diarioregionaldigital.com.br\/?p=92919","title":{"rendered":"Sistema da Receita recebe 125 mil declara\u00e7\u00f5es do IR nas primeiras tr\u00eas horas"},"content":{"rendered":"<p>O sistema da Receita Federal que processa o Imposto de Renda da Pessoa F\u00edsica (IRPF) recebeu 125.628 declara\u00e7\u00f5es nas tr\u00eas primeiras horas de funcionamento. O sistema foi aberto nesta quinta-feira \u00e0s 8h e vai funcionar at\u00e9 0h de 30 de abril. At\u00e9 l\u00e1, a expectativa da Receita \u00e9 de que 28,8 milh\u00f5es de contribuintes enviem o documento, 300 mil a mais do quem em 2017, quando recebeu 28,5 milh\u00f5es.<\/p>\n<p>A declara\u00e7\u00e3o deste ano pode ser preenchida por meio do programa baixado no computador ou do aplicativo Meu Imposto de Renda para tablets e celulares. O download do programa pode ser feito no <a href=\"http:\/\/idg.receita.fazenda.gov.br\/interface\/cidadao\/irpf\/2018\/download\" target=\"_blank\" rel=\"noopener noreferrer\">site<\/a> da Receita. \u00c9 obrigado a declarar quem recebeu, em 2017, rendimentos tribut\u00e1veis em valor superior a R$28.559,70. No caso da atividade rural, deve declarar quem teve receita bruta acima de R$142.798,50.<\/p>\n<p>Tamb\u00e9m est\u00e3o obrigadas a declarar as pessoas f\u00edsicas residentes no Brasil que receberam rendimentos isentos, n\u00e3o tribut\u00e1veis ou tributados exclusivamente na fonte, cuja soma foi superior a R$40 mil; as que obtiveram, em qualquer m\u00eas, ganho de capital na aliena\u00e7\u00e3o de bens e direitos, sujeito \u00e0 incid\u00eancia do imposto ou que realizaram opera\u00e7\u00f5es em bolsas de valores; que pretendem compensar preju\u00edzos com a atividade rural; que tiveram, em 31 de dezembro de 2017, a posse ou a propriedade de bens e direitos, inclusive terra nua, em valor total superior a R$300 mil; que passaram \u00e0 condi\u00e7\u00e3o de residentes no Brasil em qualquer m\u00eas e assim se encontravam em 31 de dezembro; ou que optaram pela isen\u00e7\u00e3o do IR incidente sobre o ganho de capital com a venda de im\u00f3veis residenciais para a compra de outro im\u00f3vel no pa\u00eds, no prazo de 180 dias contados do contrato de venda.<\/p>\n<p>Neste ano, \u00e9 obrigat\u00f3ria a apresenta\u00e7\u00e3o do Cadastro de Pessoa F\u00edsica (CPF) para dependentes a partir de oito anos de idade, completados at\u00e9 31 de dezembro de 2017. Outra mudan\u00e7a \u00e9 a possibilidade de impress\u00e3o do Documento de Arrecada\u00e7\u00e3o de Receitas Federais (Darf) para pagamento de todas as cotas do imposto, inclusive as que est\u00e3o em atraso.<\/p>\n<p>Mais informa\u00e7\u00f5es sobre a declara\u00e7\u00e3o do IRPF 2018 est\u00e3o dispon\u00edveis no <a href=\"https:\/\/idg.receita.fazenda.gov.br\/noticias\/ascom\/2018\/fevereiro\/publicadas-as-regras-sobre-a-entrega-da-dirpf-2018\" target=\"_blank\" rel=\"noopener noreferrer\">site da Receita<\/a>.<\/p>\n<p>&nbsp;<\/p>\n<p>Fonte: Ag\u00eancia Brasil<\/p>\n","protected":false},"excerpt":{"rendered":"<p>O sistema da Receita Federal que processa o Imposto de Renda da Pessoa F\u00edsica (IRPF) recebeu 125.628 declara\u00e7\u00f5es nas tr\u00eas primeiras horas de funcionamento. O sistema foi aberto nesta quinta-feira \u00e0s 8h e vai funcionar at\u00e9 0h de 30 de abril. At\u00e9 l\u00e1, a expectativa da Receita \u00e9 de que 28,8 milh\u00f5es de contribuintes enviem [&hellip;]<\/p>\n","protected":false},"author":96,"featured_media":92918,"comment_status":"closed","ping_status":"closed","sticky":false,"template":"","format":"standard","meta":{"footnotes":""},"categories":[261],"tags":[],"class_list":["post-92919","post","type-post","status-publish","format-standard","has-post-thumbnail","hentry","category-economia"],"_links":{"self":[{"href":"https:\/\/diarioregionaldigital.com.br\/index.php?rest_route=\/wp\/v2\/posts\/92919","targetHints":{"allow":["GET"]}}],"collection":[{"href":"https:\/\/diarioregionaldigital.com.br\/index.php?rest_route=\/wp\/v2\/posts"}],"about":[{"href":"https:\/\/diarioregionaldigital.com.br\/index.php?rest_route=\/wp\/v2\/types\/post"}],"author":[{"embeddable":true,"href":"https:\/\/diarioregionaldigital.com.br\/index.php?rest_route=\/wp\/v2\/users\/96"}],"replies":[{"embeddable":true,"href":"https:\/\/diarioregionaldigital.com.br\/index.php?rest_route=%2Fwp%2Fv2%2Fcomments&post=92919"}],"version-history":[{"count":0,"href":"https:\/\/diarioregionaldigital.com.br\/index.php?rest_route=\/wp\/v2\/posts\/92919\/revisions"}],"wp:featuredmedia":[{"embeddable":true,"href":"https:\/\/diarioregionaldigital.com.br\/index.php?rest_route=\/wp\/v2\/media\/92918"}],"wp:attachment":[{"href":"https:\/\/diarioregionaldigital.com.br\/index.php?rest_route=%2Fwp%2Fv2%2Fmedia&parent=92919"}],"wp:term":[{"taxonomy":"category","embeddable":true,"href":"https:\/\/diarioregionaldigital.com.br\/index.php?rest_route=%2Fwp%2Fv2%2Fcategories&post=92919"},{"taxonomy":"post_tag","embeddable":true,"href":"https:\/\/diarioregionaldigital.com.br\/index.php?rest_route=%2Fwp%2Fv2%2Ftags&post=92919"}],"curies":[{"name":"wp","href":"https:\/\/api.w.org\/{rel}","templated":true}]}}