{"id":92917,"date":"2018-03-01T20:02:35","date_gmt":"2018-03-01T23:02:35","guid":{"rendered":"http:\/\/diarioregionaljf.com.br\/2018\/03\/01\/balanca-comercial-fecha-fevereiro-com-maior-superavit-para-o-mes-em-30-anos\/"},"modified":"2018-03-01T20:02:35","modified_gmt":"2018-03-01T23:02:35","slug":"balanca-comercial-fecha-fevereiro-com-maior-superavit-para-o-mes-em-30-anos","status":"publish","type":"post","link":"https:\/\/diarioregionaldigital.com.br\/?p=92917","title":{"rendered":"Balan\u00e7a comercial fecha fevereiro com maior super\u00e1vit para o m\u00eas em 30 anos"},"content":{"rendered":"<p>A balan\u00e7a comercial &#8211; diferen\u00e7a entre exporta\u00e7\u00f5es e importa\u00e7\u00f5es &#8211; fechou fevereiro com o maior saldo positivo para o m\u00eas desde o in\u00edcio da s\u00e9rie hist\u00f3rica, em 1989. No m\u00eas passado, o pa\u00eds vendeu US$4,907 bilh\u00f5es a mais do que comprou do exterior, de acordo com o Minist\u00e9rio do Desenvolvimento, Com\u00e9rcio Exterior e Servi\u00e7os (Mdic).<\/p>\n<p>O recorde anterior da balan\u00e7a comercial em meses de fevereiro havia sido registrado no ano passado, quando o super\u00e1vit da balan\u00e7a comercial tinha atingido US$4,555 bilh\u00f5es. O resultado deste ano, no entanto, foi inflado pela exporta\u00e7\u00e3o de uma plataforma de petr\u00f3leo no valor de US$1,535 bilh\u00e3o que n\u00e3o saiu do pa\u00eds, mas foi comprada por subsidi\u00e1rias brasileiras no exterior e, em seguida, registrada no Brasil como equipamento alugado.<\/p>\n<p>Chamado de exporta\u00e7\u00e3o ficta, esse tipo de opera\u00e7\u00e3o com equipamentos de grande volume, como plataformas de petr\u00f3leo e embarca\u00e7\u00f5es navais, \u00e9 legal e est\u00e1 dentro das normais internacionais de com\u00e9rcio.<\/p>\n<p>As exporta\u00e7\u00f5es somaram US$17,315 bilh\u00f5es, alta de 11,9% em rela\u00e7\u00e3o a fevereiro do ano passado pelo crit\u00e9rio da m\u00e9dia di\u00e1ria. As importa\u00e7\u00f5es totalizaram US$12,408 bilh\u00f5es, avan\u00e7o de 13,7% na mesma compara\u00e7\u00e3o, tamb\u00e9m pelo crit\u00e9rio da m\u00e9dia di\u00e1ria. Nos dois primeiros meses de 2018, a balan\u00e7a comercial registra super\u00e1vit de US$7,676 bilh\u00f5es, contra saldo positivo de US$7,266 bilh\u00f5es no mesmo per\u00edodo de 2017.<\/p>\n<p>&nbsp;<\/p>\n<h4>COMPOSI\u00c7\u00c3O<\/h4>\n<p>Em rela\u00e7\u00e3o \u00e0s exporta\u00e7\u00f5es, as vendas de produtos manufaturados subiram 41,6% em fevereiro na compara\u00e7\u00e3o com o mesmo m\u00eas do ano passado, pelo crit\u00e9rio da m\u00e9dia di\u00e1ria. Al\u00e9m da plataforma de petr\u00f3leo que interferiu no resultado, os destaques foram pisos e revestimentos, com alta de 361,3%; bombas e compressores (+115,2%) e tratores (+110,3%).<\/p>\n<p>As vendas de produtos semimanufaturados subiram 1,8%, puxadas por celulose, \u00f3leo de soja bruto e madeira serrada. Por causa da antecipa\u00e7\u00e3o de embarques de gr\u00e3os em fevereiro do ano passado, o que n\u00e3o ocorreu este ano, e da queda no pre\u00e7o de algumas commodities (bens prim\u00e1rios com cota\u00e7\u00e3o internacional), as exporta\u00e7\u00f5es de produtos b\u00e1sicos ca\u00edram 7,5%, influenciada pelas exporta\u00e7\u00f5es de petr\u00f3leo bruto (-26,4%), soja em gr\u00e3o (-22,1%) e min\u00e9rio de ferro (-14,4%).<\/p>\n<p>O reaquecimento da economia tamb\u00e9m fez as importa\u00e7\u00f5es continuarem a subir em fevereiro. As importa\u00e7\u00f5es de combust\u00edveis e lubrificantes aumentaram 7,5% em rela\u00e7\u00e3o ao mesmo m\u00eas do ano passado. As compras de bens intermedi\u00e1rios e de consumo subiram 11,7% e 21,3%, respectivamente. As importa\u00e7\u00f5es de bens de capital (m\u00e1quinas e equipamentos usados na produ\u00e7\u00e3o) saltaram 24,4%.<\/p>\n<p>&nbsp;<\/p>\n<h4>EXPECTATIVAS<\/h4>\n<p>Depois de o saldo da balan\u00e7a comercial ter encerrado 2017 em US$67 bilh\u00f5es, o maior resultado positivo da hist\u00f3ria, o mercado estima um super\u00e1vit menor em 2018 motivado principalmente pela recupera\u00e7\u00e3o da economia, que reativa o consumo e as importa\u00e7\u00f5es. Oficialmente, o Mdic estima super\u00e1vit de US$50 bilh\u00f5es neste ano.<\/p>\n<p>Segundo o boletim Focus, pesquisa semanal com institui\u00e7\u00f5es financeiras e divulgada pelo Banco Central, os analistas de mercado preveem super\u00e1vit de US$54,3 bilh\u00f5es para este ano.<\/p>\n<p>&nbsp;<\/p>\n<p>Fonte: Ag\u00eancia Brasil<\/p>\n","protected":false},"excerpt":{"rendered":"<p>A balan\u00e7a comercial &#8211; diferen\u00e7a entre exporta\u00e7\u00f5es e importa\u00e7\u00f5es &#8211; fechou fevereiro com o maior saldo positivo para o m\u00eas desde o in\u00edcio da s\u00e9rie hist\u00f3rica, em 1989. No m\u00eas passado, o pa\u00eds vendeu US$4,907 bilh\u00f5es a mais do que comprou do exterior, de acordo com o Minist\u00e9rio do Desenvolvimento, Com\u00e9rcio Exterior e Servi\u00e7os (Mdic). [&hellip;]<\/p>\n","protected":false},"author":96,"featured_media":92916,"comment_status":"closed","ping_status":"closed","sticky":false,"template":"","format":"standard","meta":{"footnotes":""},"categories":[261],"tags":[],"class_list":["post-92917","post","type-post","status-publish","format-standard","has-post-thumbnail","hentry","category-economia"],"_links":{"self":[{"href":"https:\/\/diarioregionaldigital.com.br\/index.php?rest_route=\/wp\/v2\/posts\/92917","targetHints":{"allow":["GET"]}}],"collection":[{"href":"https:\/\/diarioregionaldigital.com.br\/index.php?rest_route=\/wp\/v2\/posts"}],"about":[{"href":"https:\/\/diarioregionaldigital.com.br\/index.php?rest_route=\/wp\/v2\/types\/post"}],"author":[{"embeddable":true,"href":"https:\/\/diarioregionaldigital.com.br\/index.php?rest_route=\/wp\/v2\/users\/96"}],"replies":[{"embeddable":true,"href":"https:\/\/diarioregionaldigital.com.br\/index.php?rest_route=%2Fwp%2Fv2%2Fcomments&post=92917"}],"version-history":[{"count":0,"href":"https:\/\/diarioregionaldigital.com.br\/index.php?rest_route=\/wp\/v2\/posts\/92917\/revisions"}],"wp:featuredmedia":[{"embeddable":true,"href":"https:\/\/diarioregionaldigital.com.br\/index.php?rest_route=\/wp\/v2\/media\/92916"}],"wp:attachment":[{"href":"https:\/\/diarioregionaldigital.com.br\/index.php?rest_route=%2Fwp%2Fv2%2Fmedia&parent=92917"}],"wp:term":[{"taxonomy":"category","embeddable":true,"href":"https:\/\/diarioregionaldigital.com.br\/index.php?rest_route=%2Fwp%2Fv2%2Fcategories&post=92917"},{"taxonomy":"post_tag","embeddable":true,"href":"https:\/\/diarioregionaldigital.com.br\/index.php?rest_route=%2Fwp%2Fv2%2Ftags&post=92917"}],"curies":[{"name":"wp","href":"https:\/\/api.w.org\/{rel}","templated":true}]}}