{"id":92913,"date":"2018-03-01T19:27:59","date_gmt":"2018-03-01T22:27:59","guid":{"rendered":"http:\/\/diarioregionaljf.com.br\/2018\/03\/01\/postos-estarao-abertos-nesse-sabado-para-vacinacao-contra-a-febre-amarela\/"},"modified":"2018-03-01T19:27:59","modified_gmt":"2018-03-01T22:27:59","slug":"postos-estarao-abertos-nesse-sabado-para-vacinacao-contra-a-febre-amarela","status":"publish","type":"post","link":"https:\/\/diarioregionaldigital.com.br\/?p=92913","title":{"rendered":"Postos estar\u00e3o abertos nesse s\u00e1bado para vacina\u00e7\u00e3o contra a febre amarela"},"content":{"rendered":"<p>Os 66 postos de vacina\u00e7\u00e3o disponibilizados pela Secretaria de Sa\u00fade (SS) estar\u00e3o abertos nesse s\u00e1bado, 3, em mais um dia de intensifica\u00e7\u00e3o da campanha contra a febre amarela, para amplia\u00e7\u00e3o da cobertura vacinal. As 63 unidades b\u00e1sicas de sa\u00fade (UBSs), o PAM-Marechal e os departamentos de Sa\u00fade da Crian\u00e7a e do Adolescente e do Idoso estar\u00e3o abertos das 8h \u00e0s 17h.<\/p>\n<p>O objetivo \u00e9 garantir que todos aqueles juiz-foranos que n\u00e3o t\u00eam contraindica\u00e7\u00f5es e ainda n\u00e3o se vacinaram, o fa\u00e7am neste dia. \u201cA forma realmente eficaz de evitar esta doen\u00e7a \u00e9 a imuniza\u00e7\u00e3o. \u00c9 fundamental que as pessoas se conscientizem e procurem os postos para se proteger. Estamos fazendo nossa parte, precisamos que a popula\u00e7\u00e3o fa\u00e7a a sua tamb\u00e9m\u201d, alerta a secret\u00e1ria de Sa\u00fade, Elizabeth Juc\u00e1.<\/p>\n<p>O esquema vacinal contra a febre amarela \u00e9 pol\u00edtica nacional, definida pelo Minist\u00e9rio da Sa\u00fade (MS), seguindo orienta\u00e7\u00e3o da Organiza\u00e7\u00e3o Mundial de Sa\u00fade (OMS) e alinhado com outros importantes \u00f3rg\u00e3os, como Anvisa, Farmanguinhos\/Fiocruz, Regimento Internacional Sanit\u00e1rio e Instituto Pasteur. A determina\u00e7\u00e3o \u00e9 de dose \u00fanica para todas as pessoas, que garante imuniza\u00e7\u00e3o por toda a vida. Portanto, pessoas com idade acima de nove meses devem tomar uma \u00fanica dose da vacina para se proteger contra a doen\u00e7a. Confira esquema abaixo.<\/p>\n<p>A Secretaria de Estado da Sa\u00fade (SES\/MG) confirmou a infec\u00e7\u00e3o de 22 juiz-foranos com a doen\u00e7a, sendo que cinco casos evolu\u00edram para \u00f3bito. Todas as medidas para conter a febre amarela na cidade t\u00eam sido adotadas, conforme protocolos estabelecidos pelo MS, como bloqueios sanit\u00e1rios com inseticida, a\u00e7\u00f5es de educa\u00e7\u00e3o em sa\u00fade, intensifica\u00e7\u00e3o do controle vetorial por meio dos agentes de combate a endemias e vacina\u00e7\u00e3o casa a casa em algumas regi\u00f5es.<\/p>\n<p>Al\u00e9m da vacina\u00e7\u00e3o, o uso de repelente tamb\u00e9m \u00e9 indicado como medida de refor\u00e7o protetivo, n\u00e3o s\u00f3 contra a febre amarela, mas tamb\u00e9m contra dengue, zika e chikungunya.<\/p>\n<p>\u00c9 importante que as pessoas levem o cart\u00e3o vacinal.<\/p>\n<p>&nbsp;<\/p>\n<h4>ESQUEMA VACINAL CONTRA FEBRE AMARELA<\/h4>\n<p>&nbsp;<\/p>\n<p>&#8211; Dose \u00fanica<\/p>\n<p>&#8211; Pessoas com idade acima de nove meses que n\u00e3o possuam nenhuma das contraindica\u00e7\u00f5es abaixo.<\/p>\n<p>&nbsp;<\/p>\n<p>N\u00c3O PODEM tomar a vacina:<\/p>\n<p>&#8211; Pessoas com alergia grave a ovo<\/p>\n<p>&#8211; Transplantados<\/p>\n<p>&#8211; Pessoas que fazem tratamento com cortic\u00f3ides em doses imunossupressoras<\/p>\n<p>&#8211; Pessoas submetidas a tratamento com imunossupressores<\/p>\n<p>&#8211; Pessoas que j\u00e1 tomaram a vacina anteriormente<\/p>\n<p>&#8211; Pessoas com hist\u00f3rico de doen\u00e7as do timo<\/p>\n<p>&#8211; Pessoas com doen\u00e7as hematol\u00f3gicas e neopl\u00e1sicas<\/p>\n<p>&#8211; Pessoas com doen\u00e7as autoimunes<\/p>\n<p>&#8211; Pessoas com l\u00fapus<\/p>\n<p>&#8211; Nos casos de doen\u00e7as agudas febris, moderadas ou graves, recomenda-se adiar a vacina\u00e7\u00e3o at\u00e9 a resolu\u00e7\u00e3o do quadro<\/p>\n<p>&nbsp;<\/p>\n<p>S\u00f3 devem tomar com orienta\u00e7\u00e3o m\u00e9dica:<\/p>\n<p>&#8211; Pessoas em tratamento com radioterapia\/quimioterapia. Ap\u00f3s o tratamento, esperar tr\u00eas meses para se vacinar<\/p>\n<p>&#8211; Portadores de HIV\/AIDS<\/p>\n<p>&nbsp;<\/p>\n<p>Fonte: Assessoria<\/p>\n","protected":false},"excerpt":{"rendered":"<p>Os 66 postos de vacina\u00e7\u00e3o disponibilizados pela Secretaria de Sa\u00fade (SS) estar\u00e3o abertos nesse s\u00e1bado, 3, em mais um dia de intensifica\u00e7\u00e3o da campanha contra a febre amarela, para amplia\u00e7\u00e3o da cobertura vacinal. As 63 unidades b\u00e1sicas de sa\u00fade (UBSs), o PAM-Marechal e os departamentos de Sa\u00fade da Crian\u00e7a e do Adolescente e do Idoso [&hellip;]<\/p>\n","protected":false},"author":96,"featured_media":92912,"comment_status":"closed","ping_status":"closed","sticky":false,"template":"","format":"standard","meta":{"footnotes":""},"categories":[253],"tags":[],"class_list":["post-92913","post","type-post","status-publish","format-standard","has-post-thumbnail","hentry","category-cidade"],"_links":{"self":[{"href":"https:\/\/diarioregionaldigital.com.br\/index.php?rest_route=\/wp\/v2\/posts\/92913","targetHints":{"allow":["GET"]}}],"collection":[{"href":"https:\/\/diarioregionaldigital.com.br\/index.php?rest_route=\/wp\/v2\/posts"}],"about":[{"href":"https:\/\/diarioregionaldigital.com.br\/index.php?rest_route=\/wp\/v2\/types\/post"}],"author":[{"embeddable":true,"href":"https:\/\/diarioregionaldigital.com.br\/index.php?rest_route=\/wp\/v2\/users\/96"}],"replies":[{"embeddable":true,"href":"https:\/\/diarioregionaldigital.com.br\/index.php?rest_route=%2Fwp%2Fv2%2Fcomments&post=92913"}],"version-history":[{"count":0,"href":"https:\/\/diarioregionaldigital.com.br\/index.php?rest_route=\/wp\/v2\/posts\/92913\/revisions"}],"wp:featuredmedia":[{"embeddable":true,"href":"https:\/\/diarioregionaldigital.com.br\/index.php?rest_route=\/wp\/v2\/media\/92912"}],"wp:attachment":[{"href":"https:\/\/diarioregionaldigital.com.br\/index.php?rest_route=%2Fwp%2Fv2%2Fmedia&parent=92913"}],"wp:term":[{"taxonomy":"category","embeddable":true,"href":"https:\/\/diarioregionaldigital.com.br\/index.php?rest_route=%2Fwp%2Fv2%2Fcategories&post=92913"},{"taxonomy":"post_tag","embeddable":true,"href":"https:\/\/diarioregionaldigital.com.br\/index.php?rest_route=%2Fwp%2Fv2%2Ftags&post=92913"}],"curies":[{"name":"wp","href":"https:\/\/api.w.org\/{rel}","templated":true}]}}