{"id":92911,"date":"2018-03-01T19:13:45","date_gmt":"2018-03-01T22:13:45","guid":{"rendered":"http:\/\/diarioregionaljf.com.br\/2018\/03\/01\/homem-e-preso-por-trafico-de-drogas-no-bairro-igrejinha\/"},"modified":"2018-03-01T19:13:45","modified_gmt":"2018-03-01T22:13:45","slug":"homem-e-preso-por-trafico-de-drogas-no-bairro-igrejinha","status":"publish","type":"post","link":"https:\/\/diarioregionaldigital.com.br\/?p=92911","title":{"rendered":"Homem \u00e9 preso por tr\u00e1fico de drogas no bairro Igrejinha"},"content":{"rendered":"<p>Um homem foi preso por tr\u00e1fico de drogas no bairro Igrejinha, zona norte da cidade, na tarde dessa quarta-feira, 28.<\/p>\n<p>De acordo com informa\u00e7\u00f5es da Pol\u00edcia Militar (PM), o suspeito foi abordado durante uma opera\u00e7\u00e3o realizada no local. A a\u00e7\u00e3o tamb\u00e9m resultou na apreens\u00e3o de R$802, um aparelho celular, uma mochila, pinos vazios utilizados para embalar droga, um peda\u00e7o de maconha prensada, pedras de crack, pinos contendo coca\u00edna e uma balan\u00e7a de precis\u00e3o.<\/p>\n<p>Um outro homem, que tamb\u00e9m estaria envolvido na a\u00e7\u00e3o criminosa, n\u00e3o foi localizado.<\/p>\n","protected":false},"excerpt":{"rendered":"<p>Um homem foi preso por tr\u00e1fico de drogas no bairro Igrejinha, zona norte da cidade, na tarde dessa quarta-feira, 28. De acordo com informa\u00e7\u00f5es da Pol\u00edcia Militar (PM), o suspeito foi abordado durante uma opera\u00e7\u00e3o realizada no local. A a\u00e7\u00e3o tamb\u00e9m resultou na apreens\u00e3o de R$802, um aparelho celular, uma mochila, pinos vazios utilizados para [&hellip;]<\/p>\n","protected":false},"author":96,"featured_media":92910,"comment_status":"closed","ping_status":"closed","sticky":false,"template":"","format":"standard","meta":{"footnotes":""},"categories":[301],"tags":[],"class_list":["post-92911","post","type-post","status-publish","format-standard","has-post-thumbnail","hentry","category-artigos-policiais"],"_links":{"self":[{"href":"https:\/\/diarioregionaldigital.com.br\/index.php?rest_route=\/wp\/v2\/posts\/92911","targetHints":{"allow":["GET"]}}],"collection":[{"href":"https:\/\/diarioregionaldigital.com.br\/index.php?rest_route=\/wp\/v2\/posts"}],"about":[{"href":"https:\/\/diarioregionaldigital.com.br\/index.php?rest_route=\/wp\/v2\/types\/post"}],"author":[{"embeddable":true,"href":"https:\/\/diarioregionaldigital.com.br\/index.php?rest_route=\/wp\/v2\/users\/96"}],"replies":[{"embeddable":true,"href":"https:\/\/diarioregionaldigital.com.br\/index.php?rest_route=%2Fwp%2Fv2%2Fcomments&post=92911"}],"version-history":[{"count":0,"href":"https:\/\/diarioregionaldigital.com.br\/index.php?rest_route=\/wp\/v2\/posts\/92911\/revisions"}],"wp:featuredmedia":[{"embeddable":true,"href":"https:\/\/diarioregionaldigital.com.br\/index.php?rest_route=\/wp\/v2\/media\/92910"}],"wp:attachment":[{"href":"https:\/\/diarioregionaldigital.com.br\/index.php?rest_route=%2Fwp%2Fv2%2Fmedia&parent=92911"}],"wp:term":[{"taxonomy":"category","embeddable":true,"href":"https:\/\/diarioregionaldigital.com.br\/index.php?rest_route=%2Fwp%2Fv2%2Fcategories&post=92911"},{"taxonomy":"post_tag","embeddable":true,"href":"https:\/\/diarioregionaldigital.com.br\/index.php?rest_route=%2Fwp%2Fv2%2Ftags&post=92911"}],"curies":[{"name":"wp","href":"https:\/\/api.w.org\/{rel}","templated":true}]}}