{"id":92909,"date":"2018-03-01T19:06:55","date_gmt":"2018-03-01T22:06:55","guid":{"rendered":"http:\/\/diarioregionaljf.com.br\/2018\/03\/01\/val-almeida-representa-minas-gerais-no-ifbb-elite-pro-brasil-de-fisioculturismo\/"},"modified":"2018-03-01T19:06:55","modified_gmt":"2018-03-01T22:06:55","slug":"val-almeida-representa-minas-gerais-no-ifbb-elite-pro-brasil-de-fisioculturismo","status":"publish","type":"post","link":"https:\/\/diarioregionaldigital.com.br\/?p=92909","title":{"rendered":"Val Almeida representa Minas Gerais no IFBB Elite Pro Brasil de Fisioculturismo"},"content":{"rendered":"<p>Em busca de um melhor desenvolvimento muscular, a atleta fisiculturista mineira, Val Almeida, se prepara para subir mais uma vez ao palco de apresenta\u00e7\u00f5es do Centro de Conven\u00e7\u00e3o do Teatro Rio Vermelho, em Goi\u00e2nia. Desta vez para o torneio internacional IFBB Elite Pro Brasil. Faltando poucos dias para o campeonato profissional que acontece dia 10 de mar\u00e7o, a mineira est\u00e1 em excelente forma e no auge de sua prepara\u00e7\u00e3o f\u00edsica. Com muito foco, dieta, treinos e tratamentos est\u00e9ticos, o corpo da atleta est\u00e1 sendo moldado, e as expectativas s\u00e3o positivas.<\/p>\n<p>Ap\u00f3s conquistar duas medalhas e um trof\u00e9u no \u00faltimo ano, ficando em 3\u00ba lugar no Campeonato Mineiro, em 7\u00ba no Brasileiro, e campe\u00e3 na Copa Body Classic, Val Almeida visa novamente subir ao podium em Goi\u00e2nia. \u201cO fisiculturismo requer um estilo de vida pr\u00f3prio, pois al\u00e9m dos treinos, n\u00f3s precisamos ter muita determina\u00e7\u00e3o e foco. Esse \u00e9 o segredo para o sucesso na modalidade! Eu, desde que comecei profissionalmente como atleta, tenho seguido \u00e0 risca todos as exig\u00eancias feitas pelos profissionais que trabalham comigo, principalmente nos meus per\u00edodos de prepara\u00e7\u00e3o f\u00edsica, que s\u00e3o bem rigorosos. Por isso hoje, em cada competi\u00e7\u00e3o, eu consigo ver a diferen\u00e7a e evolu\u00e7\u00e3o do meu corpo quando comparada \u00e0 anterior, e sem d\u00favidas isso s\u00f3 me estimula a dar o meu melhor e correr atr\u00e1s sempre do primeiro lugar,\u201d destaca a fisiculturista.<\/p>\n<p>O IFBB Elite Pro Brasil \u00e9 apenas o pontap\u00e9 inicial da vasta agenda de compromissos da atleta para o ano. Sempre se lan\u00e7ando em novos desafios, a grande novidade que tem se destacado no atual calend\u00e1rio de competi\u00e7\u00f5es da atleta e modelo fitness \u00e9 o&nbsp;Arnold Classic South America, um dos maiores eventos multiesportivos do mundo que acontecer\u00e1 em abril, no Estado de S\u00e3o Paulo. Por isso, para chegar ainda mais confiante na competi\u00e7\u00e3o, a atleta mira um resultado positivo em Goi\u00e2nia no dia 10 de mar\u00e7o. Aos interessados em acompanhar a disputa da mineira por mais um t\u00edtulo do fisiculturismo, o campeonato profissional do IFBB Elite Pro Brasil acontece s\u00e1bado, dia 10 de mar\u00e7o, a partir das 19h30, no Teatro Rio Vermelho (Rua 4, n\u00ba1400 \u2013 Goi\u00e2nia).<\/p>\n<p><strong>&nbsp;<\/strong><\/p>\n<p><strong>Fonte: Heberton Lopes\/Grupobalo<\/strong><\/p>\n","protected":false},"excerpt":{"rendered":"<p>Em busca de um melhor desenvolvimento muscular, a atleta fisiculturista mineira, Val Almeida, se prepara para subir mais uma vez ao palco de apresenta\u00e7\u00f5es do Centro de Conven\u00e7\u00e3o do Teatro Rio Vermelho, em Goi\u00e2nia. Desta vez para o torneio internacional IFBB Elite Pro Brasil. Faltando poucos dias para o campeonato profissional que acontece dia 10 [&hellip;]<\/p>\n","protected":false},"author":96,"featured_media":92908,"comment_status":"closed","ping_status":"closed","sticky":false,"template":"","format":"standard","meta":{"footnotes":""},"categories":[257],"tags":[],"class_list":["post-92909","post","type-post","status-publish","format-standard","has-post-thumbnail","hentry","category-esporte"],"_links":{"self":[{"href":"https:\/\/diarioregionaldigital.com.br\/index.php?rest_route=\/wp\/v2\/posts\/92909","targetHints":{"allow":["GET"]}}],"collection":[{"href":"https:\/\/diarioregionaldigital.com.br\/index.php?rest_route=\/wp\/v2\/posts"}],"about":[{"href":"https:\/\/diarioregionaldigital.com.br\/index.php?rest_route=\/wp\/v2\/types\/post"}],"author":[{"embeddable":true,"href":"https:\/\/diarioregionaldigital.com.br\/index.php?rest_route=\/wp\/v2\/users\/96"}],"replies":[{"embeddable":true,"href":"https:\/\/diarioregionaldigital.com.br\/index.php?rest_route=%2Fwp%2Fv2%2Fcomments&post=92909"}],"version-history":[{"count":0,"href":"https:\/\/diarioregionaldigital.com.br\/index.php?rest_route=\/wp\/v2\/posts\/92909\/revisions"}],"wp:featuredmedia":[{"embeddable":true,"href":"https:\/\/diarioregionaldigital.com.br\/index.php?rest_route=\/wp\/v2\/media\/92908"}],"wp:attachment":[{"href":"https:\/\/diarioregionaldigital.com.br\/index.php?rest_route=%2Fwp%2Fv2%2Fmedia&parent=92909"}],"wp:term":[{"taxonomy":"category","embeddable":true,"href":"https:\/\/diarioregionaldigital.com.br\/index.php?rest_route=%2Fwp%2Fv2%2Fcategories&post=92909"},{"taxonomy":"post_tag","embeddable":true,"href":"https:\/\/diarioregionaldigital.com.br\/index.php?rest_route=%2Fwp%2Fv2%2Ftags&post=92909"}],"curies":[{"name":"wp","href":"https:\/\/api.w.org\/{rel}","templated":true}]}}