{"id":92907,"date":"2018-03-01T19:01:04","date_gmt":"2018-03-01T22:01:04","guid":{"rendered":"http:\/\/diarioregionaljf.com.br\/2018\/03\/01\/mineiro-sub-20-comeca-em-abril-com-turno-unico-na-primeira-fase-da-competicao\/"},"modified":"2018-03-01T19:01:04","modified_gmt":"2018-03-01T22:01:04","slug":"mineiro-sub-20-comeca-em-abril-com-turno-unico-na-primeira-fase-da-competicao","status":"publish","type":"post","link":"https:\/\/diarioregionaldigital.com.br\/?p=92907","title":{"rendered":"Mineiro Sub-20 come\u00e7a em abril com turno \u00fanico na primeira fase da competi\u00e7\u00e3o"},"content":{"rendered":"<p>Foi realizado, nesta quarta-feira, 28, na sede da FMF, o Conselho T\u00e9cnico para o Campeonato Mineiro Sub-20 de 2018. Representantes dos clubes que se inscreveram para a competi\u00e7\u00e3o estiveram presentes e discorreram sobre os moldes do torneio deste ano. Convocado por meio do edital, o Democrata-GV n\u00e3o enviou representantes \u00e0 reuni\u00e3o e, em virtude da sua aus\u00eancia, abdicou da sua participa\u00e7\u00e3o no campeonato.<\/p>\n<p>Atl\u00e9tico, Arax\u00e1, Cruzeiro, Am\u00e9rica, Villa Nova, Betinense, Uni\u00e3o Luziense, Ponte Nova, Am\u00e9rica-TO, Uberl\u00e2ndia, Democrata, Tricordiano, Coimbra e Betis s\u00e3o as 13 equipes que comp\u00f5em o Mineiro Sub-20 desta temporada. A competi\u00e7\u00e3o ter\u00e1 in\u00edcio no dia 14 de abril e ter\u00e1 um novo formato de disputa.<\/p>\n<p>Na primeira fase, as equipes se enfrentar\u00e3o em turno \u00fanico, classificando-se para as quartas de final os oito primeiros colocados. A fase de mata-mata ser\u00e1 disputada em partidas de ida e volta. Em caso de empate ap\u00f3s os dois jogos, a defini\u00e7\u00e3o do vencedor ser\u00e1 atrav\u00e9s da disputa por p\u00eanaltis. N\u00e3o haver\u00e1 o crit\u00e9rio de gol qualificado, levando-se em considera\u00e7\u00e3o somente a soma dos placares das partidas. A equipe com melhor campanha na fase inicial ter\u00e1 a vantagem de decidir os confrontos jogando em casa.<\/p>\n<p>A Diretoria de Competi\u00e7\u00f5es da FMF informou que, caso haja desist\u00eancia de algum clube antes do in\u00edcio da disputa, ser\u00e1 escolhido um novo sistema de disputa para o campeonato.<\/p>\n<p><strong>Fonte: FMF<\/strong><\/p>\n","protected":false},"excerpt":{"rendered":"<p>Foi realizado, nesta quarta-feira, 28, na sede da FMF, o Conselho T\u00e9cnico para o Campeonato Mineiro Sub-20 de 2018. Representantes dos clubes que se inscreveram para a competi\u00e7\u00e3o estiveram presentes e discorreram sobre os moldes do torneio deste ano. Convocado por meio do edital, o Democrata-GV n\u00e3o enviou representantes \u00e0 reuni\u00e3o e, em virtude da [&hellip;]<\/p>\n","protected":false},"author":96,"featured_media":92906,"comment_status":"closed","ping_status":"closed","sticky":false,"template":"","format":"standard","meta":{"footnotes":""},"categories":[257],"tags":[],"class_list":["post-92907","post","type-post","status-publish","format-standard","has-post-thumbnail","hentry","category-esporte"],"_links":{"self":[{"href":"https:\/\/diarioregionaldigital.com.br\/index.php?rest_route=\/wp\/v2\/posts\/92907","targetHints":{"allow":["GET"]}}],"collection":[{"href":"https:\/\/diarioregionaldigital.com.br\/index.php?rest_route=\/wp\/v2\/posts"}],"about":[{"href":"https:\/\/diarioregionaldigital.com.br\/index.php?rest_route=\/wp\/v2\/types\/post"}],"author":[{"embeddable":true,"href":"https:\/\/diarioregionaldigital.com.br\/index.php?rest_route=\/wp\/v2\/users\/96"}],"replies":[{"embeddable":true,"href":"https:\/\/diarioregionaldigital.com.br\/index.php?rest_route=%2Fwp%2Fv2%2Fcomments&post=92907"}],"version-history":[{"count":0,"href":"https:\/\/diarioregionaldigital.com.br\/index.php?rest_route=\/wp\/v2\/posts\/92907\/revisions"}],"wp:featuredmedia":[{"embeddable":true,"href":"https:\/\/diarioregionaldigital.com.br\/index.php?rest_route=\/wp\/v2\/media\/92906"}],"wp:attachment":[{"href":"https:\/\/diarioregionaldigital.com.br\/index.php?rest_route=%2Fwp%2Fv2%2Fmedia&parent=92907"}],"wp:term":[{"taxonomy":"category","embeddable":true,"href":"https:\/\/diarioregionaldigital.com.br\/index.php?rest_route=%2Fwp%2Fv2%2Fcategories&post=92907"},{"taxonomy":"post_tag","embeddable":true,"href":"https:\/\/diarioregionaldigital.com.br\/index.php?rest_route=%2Fwp%2Fv2%2Ftags&post=92907"}],"curies":[{"name":"wp","href":"https:\/\/api.w.org\/{rel}","templated":true}]}}