{"id":92905,"date":"2018-03-01T18:58:14","date_gmt":"2018-03-01T21:58:14","guid":{"rendered":"http:\/\/diarioregionaljf.com.br\/2018\/03\/01\/jf-volei-encara-o-ponta-grossa-caramuru-na-luta-contra-o-rebaixamento\/"},"modified":"2018-03-01T18:58:14","modified_gmt":"2018-03-01T21:58:14","slug":"jf-volei-encara-o-ponta-grossa-caramuru-na-luta-contra-o-rebaixamento","status":"publish","type":"post","link":"https:\/\/diarioregionaldigital.com.br\/?p=92905","title":{"rendered":"JF V\u00f4lei encara o Ponta Grossa Caramuru na luta contra o rebaixamento"},"content":{"rendered":"<p>Neste s\u00e1bado, 3, o JF V\u00f4lei visita o Ponta Grossa Caramuru que volta a jogar em casa. A partida ser\u00e1 na Arena Multiuso, \u00e0s 20h, no Paran\u00e1.<\/p>\n<p>JF V\u00f4lei que vem da primeira vit\u00f3ria em casa contra o Maring\u00e1, por 3 a 0, busca mais uma vit\u00f3ria para seguir lutando contra o rebaixamento na Superliga A.<\/p>\n<p>Para alcan\u00e7ar a decima coloca\u00e7\u00e3o e assegurar a perman\u00eancia na Superliga A, o JF V\u00f4lei precisa superar o Montes Claros, que soma 13 pontos. Acima do Montes Claros na competi\u00e7\u00e3o, est\u00e1 justamente o pr\u00f3ximo advers\u00e1rio da equipe juiz-forana, o Ponta Grossa Caramuru que segue com 16 pontos.<\/p>\n<p>Para tirar a diferen\u00e7as de pontos do Montes Claros o JF V\u00f4lei precisa vencer pelo menos duas das pr\u00f3ximas partidas e torcer por uma derrota do advers\u00e1rio mineiro.<\/p>\n","protected":false},"excerpt":{"rendered":"<p>Neste s\u00e1bado, 3, o JF V\u00f4lei visita o Ponta Grossa Caramuru que volta a jogar em casa. A partida ser\u00e1 na Arena Multiuso, \u00e0s 20h, no Paran\u00e1. JF V\u00f4lei que vem da primeira vit\u00f3ria em casa contra o Maring\u00e1, por 3 a 0, busca mais uma vit\u00f3ria para seguir lutando contra o rebaixamento na Superliga [&hellip;]<\/p>\n","protected":false},"author":96,"featured_media":92904,"comment_status":"closed","ping_status":"closed","sticky":false,"template":"","format":"standard","meta":{"footnotes":""},"categories":[257],"tags":[],"class_list":["post-92905","post","type-post","status-publish","format-standard","has-post-thumbnail","hentry","category-esporte"],"_links":{"self":[{"href":"https:\/\/diarioregionaldigital.com.br\/index.php?rest_route=\/wp\/v2\/posts\/92905","targetHints":{"allow":["GET"]}}],"collection":[{"href":"https:\/\/diarioregionaldigital.com.br\/index.php?rest_route=\/wp\/v2\/posts"}],"about":[{"href":"https:\/\/diarioregionaldigital.com.br\/index.php?rest_route=\/wp\/v2\/types\/post"}],"author":[{"embeddable":true,"href":"https:\/\/diarioregionaldigital.com.br\/index.php?rest_route=\/wp\/v2\/users\/96"}],"replies":[{"embeddable":true,"href":"https:\/\/diarioregionaldigital.com.br\/index.php?rest_route=%2Fwp%2Fv2%2Fcomments&post=92905"}],"version-history":[{"count":0,"href":"https:\/\/diarioregionaldigital.com.br\/index.php?rest_route=\/wp\/v2\/posts\/92905\/revisions"}],"wp:featuredmedia":[{"embeddable":true,"href":"https:\/\/diarioregionaldigital.com.br\/index.php?rest_route=\/wp\/v2\/media\/92904"}],"wp:attachment":[{"href":"https:\/\/diarioregionaldigital.com.br\/index.php?rest_route=%2Fwp%2Fv2%2Fmedia&parent=92905"}],"wp:term":[{"taxonomy":"category","embeddable":true,"href":"https:\/\/diarioregionaldigital.com.br\/index.php?rest_route=%2Fwp%2Fv2%2Fcategories&post=92905"},{"taxonomy":"post_tag","embeddable":true,"href":"https:\/\/diarioregionaldigital.com.br\/index.php?rest_route=%2Fwp%2Fv2%2Ftags&post=92905"}],"curies":[{"name":"wp","href":"https:\/\/api.w.org\/{rel}","templated":true}]}}