{"id":92901,"date":"2018-03-01T18:21:47","date_gmt":"2018-03-01T21:21:47","guid":{"rendered":"http:\/\/diarioregionaljf.com.br\/2018\/03\/01\/tempestade-emma-e-onda-de-frio-besta-do-leste-atingem-europa\/"},"modified":"2018-03-01T18:21:47","modified_gmt":"2018-03-01T21:21:47","slug":"tempestade-emma-e-onda-de-frio-besta-do-leste-atingem-europa","status":"publish","type":"post","link":"https:\/\/diarioregionaldigital.com.br\/?p=92901","title":{"rendered":"Tempestade Emma e onda de frio &#8220;Besta do Leste&#8221; atingem Europa"},"content":{"rendered":"<p>A Europa foi atingida, esta semana, por dois fen\u00f4menos meteorol\u00f3gicos: a tempestade Emma e a onda de frio siberiano &#8220;Besta do Leste&#8221;. A primeira \u00e9 uma massa de ar \u00famido que provocou muita chuva e ventos fortes. A segunda \u00e9 uma massa de ar proveniente da Sib\u00e9ria, que trouxe o frio intenso. Os dois acontecimentos resultaram em muita neve, escolas, estradas, aeroportos fechados, e algumas dezenas de mortos.<\/p>\n<p>De acordo com o porta-voz da Ag\u00eancia Estatal de Meteorologia espanhola (Aemet), a ocorr\u00eancia de massas de ar frio \u00e9 normal para o per\u00edodo. O fen\u00f4meno desta semana foi mais intenso e extenso do que o normal. A imprensa inglesa apelidou a massa de ar siberiano de &#8220;Besta do Leste&#8221;, enquanto os holandeses a chamaram de &#8220;urso siberiano&#8221; e os suecos de &#8220;canh\u00e3o de neve&#8221;.<\/p>\n<p>A tempestade, que tamb\u00e9m ganhou nome, consiste em uma massa de ar \u00famido proveniente do Atl\u00e2ntico. A Emma, que j\u00e1 passou por Portugal, est\u00e1 a caminho do Reino Unido. As autoridades do sudoeste da Inglaterra desaconselham viagens que n\u00e3o sejam urgentes porque a neve e os fortes ventos podem representar riscos.<\/p>\n<p>De acordo com o Weather Channel, a tempestade Emma afetou primeiramente os arquip\u00e9lagos portugueses da Madeira e dos A\u00e7ores, chegando nessa quarta-feira, 28, ao continente e trazendo chuva e ventos fortes. A tempestade tamb\u00e9m impactou Espanha e Fran\u00e7a, tendo levado muita neve para as montanhas dos Pireneus.<\/p>\n<p>Segundo o canal meteorol\u00f3gico, quando Emma chegar ao Reino Unido, dever\u00e1 afetar tamb\u00e9m a Esc\u00f3cia, a Irlanda e o norte da Inglaterra com neve espessa, que se estender\u00e1 at\u00e9 a Fran\u00e7a e o Norte da It\u00e1lia.<\/p>\n<h4>&nbsp;<\/h4>\n<h4>ESTA\u00c7\u00d5ES METEOROL\u00d3GICAS<\/h4>\n<p>Desde dezembro do ano passado, as esta\u00e7\u00f5es meteorol\u00f3gicas da Fran\u00e7a, Portugal e Espanha decidiram nomear as tempestades que possam produzir grande impacto para pessoas e bens. O motivo \u00e9 que a popula\u00e7\u00e3o permanece mais atenta \u00e0s recomenda\u00e7\u00f5es de seguran\u00e7a quando a amea\u00e7a dos ventos fortes est\u00e1 claramente identificada.<\/p>\n<p>As esta\u00e7\u00f5es meteorol\u00f3gicas dos tr\u00eas pa\u00edses nomeiam conjuntamente as tempestades em ordem alfab\u00e9tica. A Emma \u00e9 a quinta tempestade desde o in\u00edcio da lista, que engloba os seguintes nomes: Ana, Bruno, Carmen, David, Emma, Felix, Gisele, Hugo, Irene, Jose, Katia, Leo, Marina, Nuno, Olivia, Pierre, Rosa, Samuel, Telma, Vasco, Wiam.<\/p>\n<p>Fonte: Ag\u00eancia Brasil<\/p>\n","protected":false},"excerpt":{"rendered":"<p>A Europa foi atingida, esta semana, por dois fen\u00f4menos meteorol\u00f3gicos: a tempestade Emma e a onda de frio siberiano &#8220;Besta do Leste&#8221;. A primeira \u00e9 uma massa de ar \u00famido que provocou muita chuva e ventos fortes. A segunda \u00e9 uma massa de ar proveniente da Sib\u00e9ria, que trouxe o frio intenso. Os dois acontecimentos [&hellip;]<\/p>\n","protected":false},"author":96,"featured_media":92900,"comment_status":"closed","ping_status":"closed","sticky":false,"template":"","format":"standard","meta":{"footnotes":""},"categories":[302],"tags":[],"class_list":["post-92901","post","type-post","status-publish","format-standard","has-post-thumbnail","hentry","category-brasil-mundo"],"_links":{"self":[{"href":"https:\/\/diarioregionaldigital.com.br\/index.php?rest_route=\/wp\/v2\/posts\/92901","targetHints":{"allow":["GET"]}}],"collection":[{"href":"https:\/\/diarioregionaldigital.com.br\/index.php?rest_route=\/wp\/v2\/posts"}],"about":[{"href":"https:\/\/diarioregionaldigital.com.br\/index.php?rest_route=\/wp\/v2\/types\/post"}],"author":[{"embeddable":true,"href":"https:\/\/diarioregionaldigital.com.br\/index.php?rest_route=\/wp\/v2\/users\/96"}],"replies":[{"embeddable":true,"href":"https:\/\/diarioregionaldigital.com.br\/index.php?rest_route=%2Fwp%2Fv2%2Fcomments&post=92901"}],"version-history":[{"count":0,"href":"https:\/\/diarioregionaldigital.com.br\/index.php?rest_route=\/wp\/v2\/posts\/92901\/revisions"}],"wp:featuredmedia":[{"embeddable":true,"href":"https:\/\/diarioregionaldigital.com.br\/index.php?rest_route=\/wp\/v2\/media\/92900"}],"wp:attachment":[{"href":"https:\/\/diarioregionaldigital.com.br\/index.php?rest_route=%2Fwp%2Fv2%2Fmedia&parent=92901"}],"wp:term":[{"taxonomy":"category","embeddable":true,"href":"https:\/\/diarioregionaldigital.com.br\/index.php?rest_route=%2Fwp%2Fv2%2Fcategories&post=92901"},{"taxonomy":"post_tag","embeddable":true,"href":"https:\/\/diarioregionaldigital.com.br\/index.php?rest_route=%2Fwp%2Fv2%2Ftags&post=92901"}],"curies":[{"name":"wp","href":"https:\/\/api.w.org\/{rel}","templated":true}]}}