{"id":92899,"date":"2018-03-01T17:48:23","date_gmt":"2018-03-01T20:48:23","guid":{"rendered":"http:\/\/diarioregionaljf.com.br\/2018\/03\/01\/ministerio-entrega-34-veiculos-para-acoes-de-saude-indigena\/"},"modified":"2018-03-01T17:48:23","modified_gmt":"2018-03-01T20:48:23","slug":"ministerio-entrega-34-veiculos-para-acoes-de-saude-indigena","status":"publish","type":"post","link":"https:\/\/diarioregionaldigital.com.br\/?p=92899","title":{"rendered":"Minist\u00e9rio entrega 34 ve\u00edculos para a\u00e7\u00f5es de sa\u00fade ind\u00edgena"},"content":{"rendered":"<p>Cada um dos 34 Distritos Especiais de Sa\u00fade Ind\u00edgena (DSEI) em todo o pa\u00eds vai receber uma caminhonete destinada ao acompanhamento de obras de saneamento e ao monitoramento dos sistemas de abastecimento de \u00e1gua das aldeias. A entrega dos ve\u00edculos foi feita nessa quinta-feira, 1\u00ba de mar\u00e7o, em cerim\u00f4nia simb\u00f3lica pelo ministro da Sa\u00fade, Ricardo Barros.<\/p>\n<p>\u201c\u00c9 muito importante a estrutura\u00e7\u00e3o da sa\u00fade ind\u00edgena. Isso \u00e9 recurso de economia de gest\u00e3o que fizemos\u201d, disse. Segundo ele, foram investidos R$3,7 milh\u00f5es para a aquisi\u00e7\u00e3o das pick-ups.<\/p>\n<p>A previs\u00e3o \u00e9 que, na pr\u00f3xima semana, a pasta entregue 50 vans para o transporte da popula\u00e7\u00e3o ind\u00edgena a centros de atendimento de m\u00e9dia e alta complexidade. \u201cEles fizeram essa demanda h\u00e1 muito tempo e evidentemente agora, com recurso de economia, pudemos atender\u201d, explicou o ministro.<\/p>\n<p>O secret\u00e1rio Especial de Sa\u00fade Ind\u00edgena, Marco Ant\u00f4nio Toccolini, confirmou que a demanda \u00e9 antiga. \u201cH\u00e1 muitos anos, se pede que entreguem ve\u00edculos espec\u00edficos para engenheiros e t\u00e9cnicos que controlam a qualidade das \u00e1guas nas aldeias. E isso s\u00f3 foi poss\u00edvel porque, este ano, tivemos remanejamento de recursos que foram economizados de obras que n\u00e3o puderam ser realizadas em 2017\u201d.<\/p>\n<p>Para o cacique Erivelton Apurin\u00e3, da aldeia de M\u00e9dio Rio Purus, no Amazonas, os ve\u00edculos \u2013 inclusive as vans \u2013 devem contribuir para a dif\u00edcil log\u00edstica de transporte na regi\u00e3o. \u201cVai facilitar muito. L\u00e1 n\u00e3o tem linha de \u00f4nibus todos os dias pra Porto Velho. Nosso meio de transporte \u00e9 sempre caminhonete. S\u00e3o carros que t\u00eam maior resist\u00eancia na estrada de lama. Ideal pra que a gente possa fazer essa remo\u00e7\u00e3o\u201d.<\/p>\n<p>Fonte: Ag\u00eancia Brasil<\/p>\n","protected":false},"excerpt":{"rendered":"<p>Cada um dos 34 Distritos Especiais de Sa\u00fade Ind\u00edgena (DSEI) em todo o pa\u00eds vai receber uma caminhonete destinada ao acompanhamento de obras de saneamento e ao monitoramento dos sistemas de abastecimento de \u00e1gua das aldeias. A entrega dos ve\u00edculos foi feita nessa quinta-feira, 1\u00ba de mar\u00e7o, em cerim\u00f4nia simb\u00f3lica pelo ministro da Sa\u00fade, Ricardo [&hellip;]<\/p>\n","protected":false},"author":96,"featured_media":92898,"comment_status":"closed","ping_status":"closed","sticky":false,"template":"","format":"standard","meta":{"footnotes":""},"categories":[302],"tags":[],"class_list":["post-92899","post","type-post","status-publish","format-standard","has-post-thumbnail","hentry","category-brasil-mundo"],"_links":{"self":[{"href":"https:\/\/diarioregionaldigital.com.br\/index.php?rest_route=\/wp\/v2\/posts\/92899","targetHints":{"allow":["GET"]}}],"collection":[{"href":"https:\/\/diarioregionaldigital.com.br\/index.php?rest_route=\/wp\/v2\/posts"}],"about":[{"href":"https:\/\/diarioregionaldigital.com.br\/index.php?rest_route=\/wp\/v2\/types\/post"}],"author":[{"embeddable":true,"href":"https:\/\/diarioregionaldigital.com.br\/index.php?rest_route=\/wp\/v2\/users\/96"}],"replies":[{"embeddable":true,"href":"https:\/\/diarioregionaldigital.com.br\/index.php?rest_route=%2Fwp%2Fv2%2Fcomments&post=92899"}],"version-history":[{"count":0,"href":"https:\/\/diarioregionaldigital.com.br\/index.php?rest_route=\/wp\/v2\/posts\/92899\/revisions"}],"wp:featuredmedia":[{"embeddable":true,"href":"https:\/\/diarioregionaldigital.com.br\/index.php?rest_route=\/wp\/v2\/media\/92898"}],"wp:attachment":[{"href":"https:\/\/diarioregionaldigital.com.br\/index.php?rest_route=%2Fwp%2Fv2%2Fmedia&parent=92899"}],"wp:term":[{"taxonomy":"category","embeddable":true,"href":"https:\/\/diarioregionaldigital.com.br\/index.php?rest_route=%2Fwp%2Fv2%2Fcategories&post=92899"},{"taxonomy":"post_tag","embeddable":true,"href":"https:\/\/diarioregionaldigital.com.br\/index.php?rest_route=%2Fwp%2Fv2%2Ftags&post=92899"}],"curies":[{"name":"wp","href":"https:\/\/api.w.org\/{rel}","templated":true}]}}