{"id":92893,"date":"2018-03-01T17:28:12","date_gmt":"2018-03-01T20:28:12","guid":{"rendered":"http:\/\/diarioregionaljf.com.br\/2018\/03\/01\/homem-e-agredido-e-assaltado-no-bairro-alto-dos-passos\/"},"modified":"2018-03-01T17:28:12","modified_gmt":"2018-03-01T20:28:12","slug":"homem-e-agredido-e-assaltado-no-bairro-alto-dos-passos","status":"publish","type":"post","link":"https:\/\/diarioregionaldigital.com.br\/?p=92893","title":{"rendered":"Homem \u00e9 agredido e assaltado no bairro Alto dos Passos"},"content":{"rendered":"<p>Um homem de 37 anos foi agredido e assaltado na noite desta quarta-feira, 28, no bairro Alto dos Passos, localizado na zona Sul.<\/p>\n<p>De acordo com registro de ocorr\u00eancias da Pol\u00edcia Militar (PM), o homem encontrava-se na Rua Moraes e Castro quando foi abordado por dois indiv\u00edduos que anunciaram o assalto.<\/p>\n<p>Os autores tentaram roubar a mochila, mas a v\u00edtima se negou a entregar, momento em que levou um soco no rosto. Ap\u00f3s agress\u00e3o os assaltantes conseguiram roubar a mochila contendo R$70 reais e algumas pe\u00e7as de roupa.<\/p>\n<p>O homem seguiu at\u00e9 o Hospital de Pronto socorro (HPS) a fim de buscar atendimento para o ferimento na boca, causado pelo soco.<\/p>\n<p>A PM compareceu ao hospital para recolher mais informa\u00e7\u00f5es dos autores, entretanto a v\u00edtima n\u00e3o soube repassar.<\/p>\n<p>Nenhum suspeito foi localizado.<\/p>\n","protected":false},"excerpt":{"rendered":"<p>Um homem de 37 anos foi agredido e assaltado na noite desta quarta-feira, 28, no bairro Alto dos Passos, localizado na zona Sul. De acordo com registro de ocorr\u00eancias da Pol\u00edcia Militar (PM), o homem encontrava-se na Rua Moraes e Castro quando foi abordado por dois indiv\u00edduos que anunciaram o assalto. Os autores tentaram roubar [&hellip;]<\/p>\n","protected":false},"author":96,"featured_media":92892,"comment_status":"closed","ping_status":"closed","sticky":false,"template":"","format":"standard","meta":{"footnotes":""},"categories":[301],"tags":[],"class_list":["post-92893","post","type-post","status-publish","format-standard","has-post-thumbnail","hentry","category-artigos-policiais"],"_links":{"self":[{"href":"https:\/\/diarioregionaldigital.com.br\/index.php?rest_route=\/wp\/v2\/posts\/92893","targetHints":{"allow":["GET"]}}],"collection":[{"href":"https:\/\/diarioregionaldigital.com.br\/index.php?rest_route=\/wp\/v2\/posts"}],"about":[{"href":"https:\/\/diarioregionaldigital.com.br\/index.php?rest_route=\/wp\/v2\/types\/post"}],"author":[{"embeddable":true,"href":"https:\/\/diarioregionaldigital.com.br\/index.php?rest_route=\/wp\/v2\/users\/96"}],"replies":[{"embeddable":true,"href":"https:\/\/diarioregionaldigital.com.br\/index.php?rest_route=%2Fwp%2Fv2%2Fcomments&post=92893"}],"version-history":[{"count":0,"href":"https:\/\/diarioregionaldigital.com.br\/index.php?rest_route=\/wp\/v2\/posts\/92893\/revisions"}],"wp:featuredmedia":[{"embeddable":true,"href":"https:\/\/diarioregionaldigital.com.br\/index.php?rest_route=\/wp\/v2\/media\/92892"}],"wp:attachment":[{"href":"https:\/\/diarioregionaldigital.com.br\/index.php?rest_route=%2Fwp%2Fv2%2Fmedia&parent=92893"}],"wp:term":[{"taxonomy":"category","embeddable":true,"href":"https:\/\/diarioregionaldigital.com.br\/index.php?rest_route=%2Fwp%2Fv2%2Fcategories&post=92893"},{"taxonomy":"post_tag","embeddable":true,"href":"https:\/\/diarioregionaldigital.com.br\/index.php?rest_route=%2Fwp%2Fv2%2Ftags&post=92893"}],"curies":[{"name":"wp","href":"https:\/\/api.w.org\/{rel}","templated":true}]}}