{"id":92891,"date":"2018-03-01T16:10:17","date_gmt":"2018-03-01T19:10:17","guid":{"rendered":"http:\/\/diarioregionaljf.com.br\/2018\/03\/01\/homem-gravida-e-filha-do-casal-ficam-feridos-apos-carro-cair-de-barranco-no-parque-das-aguas\/"},"modified":"2018-03-01T16:10:17","modified_gmt":"2018-03-01T19:10:17","slug":"homem-gravida-e-filha-do-casal-ficam-feridos-apos-carro-cair-de-barranco-no-parque-das-aguas","status":"publish","type":"post","link":"https:\/\/diarioregionaldigital.com.br\/?p=92891","title":{"rendered":"Homem, gr\u00e1vida e filha do casal ficam feridos ap\u00f3s carro cair de barranco no Parque das \u00c1guas"},"content":{"rendered":"<p>Uma fam\u00edlia ficou gravemente ferida em um acidente automobil\u00edstico na manh\u00e3 desta quinta-feira, 1\u00ba, no bairro Parque das \u00c1guas, localizado na zona Norte.<\/p>\n<p>De acordo com informa\u00e7\u00f5es do Corpo de Bombeiros, o condutor do ve\u00edculo, de 20 anos, sua esposa, tamb\u00e9m de 20 anos e gr\u00e1vida de cinco meses e a filha do casal, de quatro anos, seguiam por uma via do bairro quando o ve\u00edculo perdeu o controle vindo a cair em um barranco. O ve\u00edculo caiu na Rua Rogerio Fernando Scoralick.<\/p>\n<p>O condutor sofreu um traumatismo craniano e suspeita de fratura no bra\u00e7o esquerdo. A mulher pode ter sofrido uma fratura na perna direita. Com a crian\u00e7a foi constatado um traumatismo craniano al\u00e9m de diversas escoria\u00e7\u00f5es. O motorista e a crian\u00e7a foram conduzidos para Unidade de Pronto Atendimento (UPA) Norte e a mulher para o Hospital e Maternidade Terezinha de Jesus, onde n\u00e3o foi constado nenhum risco para o beb\u00ea. A mulher foi encaminhada para o Hospital de Pronto Socorro (HPS) onde passar\u00e1 por outros exames.<\/p>\n<p>No momento do acidente o motorista e a mulher estavam sem cinto de seguran\u00e7a e a crian\u00e7a sem a cadeirinha.<\/p>\n<p>Equipes do Servi\u00e7o de Atendimento M\u00f3vel de Urg\u00eancia (SAMU) e Pol\u00edcia militar (PM) compareceram no local para acompanhar a ocorr\u00eancia.<\/p>\n","protected":false},"excerpt":{"rendered":"<p>Uma fam\u00edlia ficou gravemente ferida em um acidente automobil\u00edstico na manh\u00e3 desta quinta-feira, 1\u00ba, no bairro Parque das \u00c1guas, localizado na zona Norte. De acordo com informa\u00e7\u00f5es do Corpo de Bombeiros, o condutor do ve\u00edculo, de 20 anos, sua esposa, tamb\u00e9m de 20 anos e gr\u00e1vida de cinco meses e a filha do casal, de [&hellip;]<\/p>\n","protected":false},"author":96,"featured_media":92890,"comment_status":"closed","ping_status":"closed","sticky":false,"template":"","format":"standard","meta":{"footnotes":""},"categories":[253],"tags":[],"class_list":["post-92891","post","type-post","status-publish","format-standard","has-post-thumbnail","hentry","category-cidade"],"_links":{"self":[{"href":"https:\/\/diarioregionaldigital.com.br\/index.php?rest_route=\/wp\/v2\/posts\/92891","targetHints":{"allow":["GET"]}}],"collection":[{"href":"https:\/\/diarioregionaldigital.com.br\/index.php?rest_route=\/wp\/v2\/posts"}],"about":[{"href":"https:\/\/diarioregionaldigital.com.br\/index.php?rest_route=\/wp\/v2\/types\/post"}],"author":[{"embeddable":true,"href":"https:\/\/diarioregionaldigital.com.br\/index.php?rest_route=\/wp\/v2\/users\/96"}],"replies":[{"embeddable":true,"href":"https:\/\/diarioregionaldigital.com.br\/index.php?rest_route=%2Fwp%2Fv2%2Fcomments&post=92891"}],"version-history":[{"count":0,"href":"https:\/\/diarioregionaldigital.com.br\/index.php?rest_route=\/wp\/v2\/posts\/92891\/revisions"}],"wp:featuredmedia":[{"embeddable":true,"href":"https:\/\/diarioregionaldigital.com.br\/index.php?rest_route=\/wp\/v2\/media\/92890"}],"wp:attachment":[{"href":"https:\/\/diarioregionaldigital.com.br\/index.php?rest_route=%2Fwp%2Fv2%2Fmedia&parent=92891"}],"wp:term":[{"taxonomy":"category","embeddable":true,"href":"https:\/\/diarioregionaldigital.com.br\/index.php?rest_route=%2Fwp%2Fv2%2Fcategories&post=92891"},{"taxonomy":"post_tag","embeddable":true,"href":"https:\/\/diarioregionaldigital.com.br\/index.php?rest_route=%2Fwp%2Fv2%2Ftags&post=92891"}],"curies":[{"name":"wp","href":"https:\/\/api.w.org\/{rel}","templated":true}]}}