{"id":92889,"date":"2018-03-01T14:01:17","date_gmt":"2018-03-01T17:01:17","guid":{"rendered":"http:\/\/diarioregionaljf.com.br\/2018\/03\/01\/defesa-civil-divulga-balanco-de-ocorrencias-devido-as-chuvas-2\/"},"modified":"2018-03-01T14:01:17","modified_gmt":"2018-03-01T17:01:17","slug":"defesa-civil-divulga-balanco-de-ocorrencias-devido-as-chuvas-2","status":"publish","type":"post","link":"https:\/\/diarioregionaldigital.com.br\/?p=92889","title":{"rendered":"Defesa Civil divulga balan\u00e7o de ocorr\u00eancias devido \u00e0s chuvas"},"content":{"rendered":"<p>A Defesa civil de Juiz de fora divulgou nesta quinta-feira, 1\u00ba, o balan\u00e7o de ocorr\u00eancias devido \u00e0s chuvas nas \u00faltimas 24h. Das 17h de ontem, 28, at\u00e9 \u00e0s 9h desta quinta, a Defesa Civil registrou apenas tr\u00eas ocorr\u00eancias, sendo um escorregamento de talude na Rua Ant\u00f4nio Bernardo, no bairro Jardim Natal, regi\u00e3o Norte; uma infiltra\u00e7\u00e3o em parede na Rua Delorme de Carvalho, no bairro Bom Pastor, regi\u00e3o Sul; e uma rua danificada na Rua Monsenhor Gustavo Freire, no bairro Dom Bosco, tamb\u00e9m regi\u00e3o Sul.<\/p>\n<p>O escorregamento de talude n\u00e3o apresenta risco iminente e ser\u00e1 monitorado pela Defesa Civil. O problema ocorreu pois uma pessoa fez uma escava\u00e7\u00e3o de um talude para a constru\u00e7\u00e3o de sua moradia. Entretanto, o barranco come\u00e7ou a solapar (terra come\u00e7a a descer e formar buraquinhos). O \u00f3rg\u00e3o vai solicitar \u00e0 fiscaliza\u00e7\u00e3o da PJF que notifique a propriet\u00e1ria do im\u00f3vel quanto \u00e0 estabiliza\u00e7\u00e3o do talude.<\/p>\n<p>Nas \u00faltimas 24 horas, o \u00edndice pluviom\u00e9trico em Juiz de Fora foi bem menor, registrando uma m\u00e9dia de 12,24 mm. S\u00e3o Judas Tadeu registrou maior \u00edndice, 25,13 mm, seguido de Ponte Preta, 17,26 mm. O Rio Paraibuna continua recuando e est\u00e1 com 1,92 metros na manh\u00e3 desta quinta. No boletim de ontem, o n\u00edvel do rio era de 2,15 metros.<\/p>\n<p>Fonte: Assessoria \/ PJF<\/p>\n","protected":false},"excerpt":{"rendered":"<p>A Defesa civil de Juiz de fora divulgou nesta quinta-feira, 1\u00ba, o balan\u00e7o de ocorr\u00eancias devido \u00e0s chuvas nas \u00faltimas 24h. Das 17h de ontem, 28, at\u00e9 \u00e0s 9h desta quinta, a Defesa Civil registrou apenas tr\u00eas ocorr\u00eancias, sendo um escorregamento de talude na Rua Ant\u00f4nio Bernardo, no bairro Jardim Natal, regi\u00e3o Norte; uma infiltra\u00e7\u00e3o [&hellip;]<\/p>\n","protected":false},"author":96,"featured_media":92888,"comment_status":"closed","ping_status":"closed","sticky":false,"template":"","format":"standard","meta":{"footnotes":""},"categories":[253],"tags":[],"class_list":["post-92889","post","type-post","status-publish","format-standard","has-post-thumbnail","hentry","category-cidade"],"_links":{"self":[{"href":"https:\/\/diarioregionaldigital.com.br\/index.php?rest_route=\/wp\/v2\/posts\/92889","targetHints":{"allow":["GET"]}}],"collection":[{"href":"https:\/\/diarioregionaldigital.com.br\/index.php?rest_route=\/wp\/v2\/posts"}],"about":[{"href":"https:\/\/diarioregionaldigital.com.br\/index.php?rest_route=\/wp\/v2\/types\/post"}],"author":[{"embeddable":true,"href":"https:\/\/diarioregionaldigital.com.br\/index.php?rest_route=\/wp\/v2\/users\/96"}],"replies":[{"embeddable":true,"href":"https:\/\/diarioregionaldigital.com.br\/index.php?rest_route=%2Fwp%2Fv2%2Fcomments&post=92889"}],"version-history":[{"count":0,"href":"https:\/\/diarioregionaldigital.com.br\/index.php?rest_route=\/wp\/v2\/posts\/92889\/revisions"}],"wp:featuredmedia":[{"embeddable":true,"href":"https:\/\/diarioregionaldigital.com.br\/index.php?rest_route=\/wp\/v2\/media\/92888"}],"wp:attachment":[{"href":"https:\/\/diarioregionaldigital.com.br\/index.php?rest_route=%2Fwp%2Fv2%2Fmedia&parent=92889"}],"wp:term":[{"taxonomy":"category","embeddable":true,"href":"https:\/\/diarioregionaldigital.com.br\/index.php?rest_route=%2Fwp%2Fv2%2Fcategories&post=92889"},{"taxonomy":"post_tag","embeddable":true,"href":"https:\/\/diarioregionaldigital.com.br\/index.php?rest_route=%2Fwp%2Fv2%2Ftags&post=92889"}],"curies":[{"name":"wp","href":"https:\/\/api.w.org\/{rel}","templated":true}]}}