{"id":92887,"date":"2018-03-01T13:13:46","date_gmt":"2018-03-01T16:13:46","guid":{"rendered":"http:\/\/diarioregionaljf.com.br\/2018\/03\/01\/pai-e-filho-feitos-refens-durante-assalto-a-sitio-em-monte-verde\/"},"modified":"2018-03-01T13:13:46","modified_gmt":"2018-03-01T16:13:46","slug":"pai-e-filho-feitos-refens-durante-assalto-a-sitio-em-monte-verde","status":"publish","type":"post","link":"https:\/\/diarioregionaldigital.com.br\/?p=92887","title":{"rendered":"Pai e filho feitos ref\u00e9ns durante assalto a s\u00edtio em Monte Verde"},"content":{"rendered":"<p>Um s\u00edtio localizado no distrito de Monte Verde foi assaltado na madrugada desta quarta-feira, 28. Pai e filho, de 64 e 49 anos, encontravam-se no local durante o roubo.<\/p>\n<p>De acordo com o registro de ocorr\u00eancias da Pol\u00edcia Militar (PM), pai e filho estavam dormindo, quando acordaram devido um barulho de porta sendo arrombada. Imediatamente as v\u00edtimas foram abordadas por dois indiv\u00edduos, um deles com arma de fogo, que anunciaram o assalto.<\/p>\n<p>Os autores amarraram os bra\u00e7os do senhor e o prendeu juntamente com o filho em um dos quartos da casa. A todo o momento as v\u00edtimas foram amea\u00e7adas com uma arma na cabe\u00e7a. Os assaltantes exigiam que eles ficassem com rosto virado para baixo, ou do contr\u00e1rio, sofreriam consequ\u00eancias. Em determinado instante, o filho conseguiu visualizar os autores e pode notar algumas caracter\u00edsticas que foram repassadas para a pol\u00edcia posteriormente.<\/p>\n<p>Ap\u00f3s as amea\u00e7as os autores come\u00e7aram a roubar alguns itens do s\u00edtio, dentre eles, um rel\u00f3gio de pulso, j\u00f3ias de ouro, uma televis\u00e3o de led, uma churrasqueira de alum\u00ednio, um grill el\u00e9trico, al\u00e9m de R$800 em moeda corrente. A seguir, eles pegaram a chave do ve\u00edculo das v\u00edtimas, um Fiat Doblo, e a chave da porteira do s\u00edtio, conseguindo fugir com o carro e os objetos roubados.<br \/>A PM e a per\u00edcia foram acionadas e realizaram os servi\u00e7os de praxe no local do crime.<\/p>\n<p>Durante o desenrolar da ocorr\u00eancia o ve\u00edculo roubado foi localizado na Rua Romeu Pastoril, no bairro Bom Jardim, por uma equipe da 70\u00aa Cia da PM.<\/p>\n<p>Nenhum suspeito foi encontrado e as v\u00edtimas receberam as orienta\u00e7\u00f5es necess\u00e1rias.<\/p>\n","protected":false},"excerpt":{"rendered":"<p>Um s\u00edtio localizado no distrito de Monte Verde foi assaltado na madrugada desta quarta-feira, 28. Pai e filho, de 64 e 49 anos, encontravam-se no local durante o roubo. De acordo com o registro de ocorr\u00eancias da Pol\u00edcia Militar (PM), pai e filho estavam dormindo, quando acordaram devido um barulho de porta sendo arrombada. Imediatamente [&hellip;]<\/p>\n","protected":false},"author":96,"featured_media":92886,"comment_status":"closed","ping_status":"closed","sticky":false,"template":"","format":"standard","meta":{"footnotes":""},"categories":[301],"tags":[],"class_list":["post-92887","post","type-post","status-publish","format-standard","has-post-thumbnail","hentry","category-artigos-policiais"],"_links":{"self":[{"href":"https:\/\/diarioregionaldigital.com.br\/index.php?rest_route=\/wp\/v2\/posts\/92887","targetHints":{"allow":["GET"]}}],"collection":[{"href":"https:\/\/diarioregionaldigital.com.br\/index.php?rest_route=\/wp\/v2\/posts"}],"about":[{"href":"https:\/\/diarioregionaldigital.com.br\/index.php?rest_route=\/wp\/v2\/types\/post"}],"author":[{"embeddable":true,"href":"https:\/\/diarioregionaldigital.com.br\/index.php?rest_route=\/wp\/v2\/users\/96"}],"replies":[{"embeddable":true,"href":"https:\/\/diarioregionaldigital.com.br\/index.php?rest_route=%2Fwp%2Fv2%2Fcomments&post=92887"}],"version-history":[{"count":0,"href":"https:\/\/diarioregionaldigital.com.br\/index.php?rest_route=\/wp\/v2\/posts\/92887\/revisions"}],"wp:featuredmedia":[{"embeddable":true,"href":"https:\/\/diarioregionaldigital.com.br\/index.php?rest_route=\/wp\/v2\/media\/92886"}],"wp:attachment":[{"href":"https:\/\/diarioregionaldigital.com.br\/index.php?rest_route=%2Fwp%2Fv2%2Fmedia&parent=92887"}],"wp:term":[{"taxonomy":"category","embeddable":true,"href":"https:\/\/diarioregionaldigital.com.br\/index.php?rest_route=%2Fwp%2Fv2%2Fcategories&post=92887"},{"taxonomy":"post_tag","embeddable":true,"href":"https:\/\/diarioregionaldigital.com.br\/index.php?rest_route=%2Fwp%2Fv2%2Ftags&post=92887"}],"curies":[{"name":"wp","href":"https:\/\/api.w.org\/{rel}","templated":true}]}}