{"id":92883,"date":"2018-03-01T12:13:31","date_gmt":"2018-03-01T15:13:31","guid":{"rendered":"http:\/\/diarioregionaljf.com.br\/2018\/03\/01\/posto-de-combustiveis-e-roubado-por-homem-em-moto\/"},"modified":"2018-03-01T12:13:31","modified_gmt":"2018-03-01T15:13:31","slug":"posto-de-combustiveis-e-roubado-por-homem-em-moto","status":"publish","type":"post","link":"https:\/\/diarioregionaldigital.com.br\/?p=92883","title":{"rendered":"Posto de combust\u00edveis \u00e9 roubado por homem em moto"},"content":{"rendered":"<p>Um posto de combust\u00edveis foi roubado na madrugada desta quinta-feira, 1\u00ba, no bairro Teixeiras, localizado na zona Sul da cidade. O posto fica na Avenida Doutor Deusdedith Salgado.<\/p>\n<p>Segundo informa\u00e7\u00f5es da Pol\u00edcia Militar (PM), um homem de 31 anos, funcion\u00e1rio do posto, encontrava-se no estabelecimento quando um indiv\u00edduo chegou e solicitou abastecimento para sua moto.<\/p>\n<p>O condutor estacionou pr\u00f3ximo a bomba de combust\u00edveis e quando o funcion\u00e1rio se aproximou, anunciou o assalto. O autor simulou estar armado e ap\u00f3s amea\u00e7as, roubou a quantia de R$100.<\/p>\n<p>A PM foi acionada, entretanto nenhum suspeito foi encontrado.<\/p>\n","protected":false},"excerpt":{"rendered":"<p>Um posto de combust\u00edveis foi roubado na madrugada desta quinta-feira, 1\u00ba, no bairro Teixeiras, localizado na zona Sul da cidade. O posto fica na Avenida Doutor Deusdedith Salgado. Segundo informa\u00e7\u00f5es da Pol\u00edcia Militar (PM), um homem de 31 anos, funcion\u00e1rio do posto, encontrava-se no estabelecimento quando um indiv\u00edduo chegou e solicitou abastecimento para sua moto. [&hellip;]<\/p>\n","protected":false},"author":96,"featured_media":92882,"comment_status":"closed","ping_status":"closed","sticky":false,"template":"","format":"standard","meta":{"footnotes":""},"categories":[301],"tags":[],"class_list":["post-92883","post","type-post","status-publish","format-standard","has-post-thumbnail","hentry","category-artigos-policiais"],"_links":{"self":[{"href":"https:\/\/diarioregionaldigital.com.br\/index.php?rest_route=\/wp\/v2\/posts\/92883","targetHints":{"allow":["GET"]}}],"collection":[{"href":"https:\/\/diarioregionaldigital.com.br\/index.php?rest_route=\/wp\/v2\/posts"}],"about":[{"href":"https:\/\/diarioregionaldigital.com.br\/index.php?rest_route=\/wp\/v2\/types\/post"}],"author":[{"embeddable":true,"href":"https:\/\/diarioregionaldigital.com.br\/index.php?rest_route=\/wp\/v2\/users\/96"}],"replies":[{"embeddable":true,"href":"https:\/\/diarioregionaldigital.com.br\/index.php?rest_route=%2Fwp%2Fv2%2Fcomments&post=92883"}],"version-history":[{"count":0,"href":"https:\/\/diarioregionaldigital.com.br\/index.php?rest_route=\/wp\/v2\/posts\/92883\/revisions"}],"wp:featuredmedia":[{"embeddable":true,"href":"https:\/\/diarioregionaldigital.com.br\/index.php?rest_route=\/wp\/v2\/media\/92882"}],"wp:attachment":[{"href":"https:\/\/diarioregionaldigital.com.br\/index.php?rest_route=%2Fwp%2Fv2%2Fmedia&parent=92883"}],"wp:term":[{"taxonomy":"category","embeddable":true,"href":"https:\/\/diarioregionaldigital.com.br\/index.php?rest_route=%2Fwp%2Fv2%2Fcategories&post=92883"},{"taxonomy":"post_tag","embeddable":true,"href":"https:\/\/diarioregionaldigital.com.br\/index.php?rest_route=%2Fwp%2Fv2%2Ftags&post=92883"}],"curies":[{"name":"wp","href":"https:\/\/api.w.org\/{rel}","templated":true}]}}