{"id":92881,"date":"2018-02-28T22:56:07","date_gmt":"2018-03-01T01:56:07","guid":{"rendered":"http:\/\/diarioregionaljf.com.br\/2018\/02\/28\/instituto-bruno-e-associacao-dos-surdos-oferecem-curso-de-libras-e-braille\/"},"modified":"2018-02-28T22:56:07","modified_gmt":"2018-03-01T01:56:07","slug":"instituto-bruno-e-associacao-dos-surdos-oferecem-curso-de-libras-e-braille","status":"publish","type":"post","link":"https:\/\/diarioregionaldigital.com.br\/?p=92881","title":{"rendered":"Instituto Bruno e Associa\u00e7\u00e3o dos Surdos oferecem curso de libras e braille"},"content":{"rendered":"<p>O Instituto Bruno em parceria com a Associa\u00e7\u00e3o dos Surdos de Juiz de Fora oferece curso de L\u00edngua Brasileira de Sinais (Libras), com in\u00edcio este m\u00eas, e braille, em agosto, para profissionais de diversas \u00e1reas e pessoas com o interesse em aprend\u00ea-los. Al\u00e9m disso, familiares e pessoas surdas formar\u00e3o uma turma separada para o ensino de Libras.<\/p>\n<p>\u201cA Libras est\u00e1 abrindo um mercado para int\u00e9rpretes, pois estamos com falta desses profissionais, que \u00e9 necess\u00e1rio em diversos setores da sociedade para o atendimento de pessoas surdas\u201d, ressaltou a supervisora do Instituto Bruno e uma das coordenadoras do curso, Maria de Lourdes Pires Vargas. \u201cO curso \u00e9 para iniciantes, j\u00e1 que \u00e9 de n\u00edvel 1, e come\u00e7a no dia 12 de mar\u00e7o e termina em novembro. A pessoas tem que est\u00e1 disposta para aprender essa nova l\u00edngua, pois demora em torno de 4 anos\u201d, acrescentou.<\/p>\n<p>As aulas ser\u00e3o ministradas duas vezes por semana e o participante poder\u00e1 decidir qual dia \u00e9 melhor para ele. \u201cSegunda e quinta-feira, o curso \u00e9 aberto \u00e0 comunidade e ocorrer\u00e1 de 18h30 as 21h30. No s\u00e1bado, 8h30 \u00e0s 10h30, teremos uma turma destinada \u00e0s fam\u00edlias e surdos. Esta aula ser\u00e1 diferenciada com palestras e informa\u00e7\u00f5es que possam instruir a fam\u00edlia e ajud\u00e1-la no dia a dia com os surdos\u201d, explicou Jos\u00e9 Nicomedes, presidente da Associa\u00e7\u00e3o dos Surdos e tamb\u00e9m coordenador dos cursos.<\/p>\n<p>Al\u00e9m disso, as institui\u00e7\u00f5es pretendem oferecer um curso de \u201cOrienta\u00e7\u00e3o e mobilidade\u201d para aquelas pessoas que pretendem trabalhar com deficientes visuais ainda neste primeiro semestre. \u201cEsse ser\u00e1 um curso mais curto, de 20 horas, e deve ocorrer em abril\u201d, disse Maria de Lourdes.<\/p>\n<h4>&nbsp;<\/h4>\n<h4>CURSO DE BRAILLE<\/h4>\n<p>O curso \u00e9 de braille \u00e9 de inicia\u00e7\u00e3o ao ensino do sistema de escrita para futuros profissionais. \u201cAl\u00e9m do braille, tamb\u00e9m ser\u00e1 ministrada aulas de soroban [ensino de matem\u00e1tica para deficientes visuais] e metodologia voltada para maneira de ensinar para estes alunos\u201d, afirmou a coordenadora. \u201cEm 2019, pretendemos dar um curso que ir\u00e1 durar o ano todo e que ir\u00e1 aprofundar o ensino do braille e do soroban\u201d, completou.<\/p>\n<p>Para Maria de Lourdes, os cursos s\u00e3o importantes para mostrar a sociedade as necessidades e conquistas dos deficientes visuais e auditivos. \u201cProva da falta de conhecimento foi desastre de algumas reda\u00e7\u00f5es da prova do Enem [Exame Nacional do Ensino M\u00e9dio] no ano passado. Eles existem e fazem parte da sociedade e precisam que suas necessidades e vit\u00f3rias sejam ouvidas\u201d, destacou. Em 2017, o tema da reda\u00e7\u00e3o do exame foi &#8220;Desafios para a forma\u00e7\u00e3o educacional de surdos no Brasil&#8221;.<\/p>\n<p>\u201cQueremos, atrav\u00e9s dos cursos, divulgar a necessidade das fam\u00edlias e profissionais e oferecer acessibilidade a todos. \u00c9 uma grande oportunidade est\u00e1 parceria [entre as duas institui\u00e7\u00f5es] e esperamos que as pessoas nos procurem em busca de informa\u00e7\u00f5es\u201d, salientou Jos\u00e9 Nicomedes. \u201c\u00c9 bom lembrar que \u00e9 dentro das entidades que toda cultura, dificuldades e necessidade dos deficientes s\u00e3o esclarecidas\u201d, acrescentou.<\/p>\n<h4>&nbsp;<\/h4>\n<h4>INSCRI\u00c7\u00d5ES<\/h4>\n<p>S\u00e3o 20 vagas para o curso de braille, que ser\u00e1 ministrado duas vezes na semana, e 40 para libras, 20 na turma de segunda-feira e os demais na quinta. Os interessados devem acessar o facebook ou site do Instituto Bruno (<a href=\"http:\/\/www.institutobruno.org.br\/\">www.institutobruno.org.br<\/a>) para realizar a matr\u00edcula. A mensalidade do curso de Libras \u00e9 de R$70 e a do braille, R$180, e os materiais necess\u00e1rios para o curso de braille, ser\u00e3o comprados a parte. As aulas ser\u00e3o ministradas na Associa\u00e7\u00e3o dos Surdos, situada na Avenida Rio Branco, n\u00ba 1.303, no Centro, em frente ao Sport Club.<\/p>\n","protected":false},"excerpt":{"rendered":"<p>O Instituto Bruno em parceria com a Associa\u00e7\u00e3o dos Surdos de Juiz de Fora oferece curso de L\u00edngua Brasileira de Sinais (Libras), com in\u00edcio este m\u00eas, e braille, em agosto, para profissionais de diversas \u00e1reas e pessoas com o interesse em aprend\u00ea-los. Al\u00e9m disso, familiares e pessoas surdas formar\u00e3o uma turma separada para o ensino [&hellip;]<\/p>\n","protected":false},"author":96,"featured_media":92880,"comment_status":"closed","ping_status":"closed","sticky":false,"template":"","format":"standard","meta":{"footnotes":""},"categories":[253],"tags":[],"class_list":["post-92881","post","type-post","status-publish","format-standard","has-post-thumbnail","hentry","category-cidade"],"_links":{"self":[{"href":"https:\/\/diarioregionaldigital.com.br\/index.php?rest_route=\/wp\/v2\/posts\/92881","targetHints":{"allow":["GET"]}}],"collection":[{"href":"https:\/\/diarioregionaldigital.com.br\/index.php?rest_route=\/wp\/v2\/posts"}],"about":[{"href":"https:\/\/diarioregionaldigital.com.br\/index.php?rest_route=\/wp\/v2\/types\/post"}],"author":[{"embeddable":true,"href":"https:\/\/diarioregionaldigital.com.br\/index.php?rest_route=\/wp\/v2\/users\/96"}],"replies":[{"embeddable":true,"href":"https:\/\/diarioregionaldigital.com.br\/index.php?rest_route=%2Fwp%2Fv2%2Fcomments&post=92881"}],"version-history":[{"count":0,"href":"https:\/\/diarioregionaldigital.com.br\/index.php?rest_route=\/wp\/v2\/posts\/92881\/revisions"}],"wp:featuredmedia":[{"embeddable":true,"href":"https:\/\/diarioregionaldigital.com.br\/index.php?rest_route=\/wp\/v2\/media\/92880"}],"wp:attachment":[{"href":"https:\/\/diarioregionaldigital.com.br\/index.php?rest_route=%2Fwp%2Fv2%2Fmedia&parent=92881"}],"wp:term":[{"taxonomy":"category","embeddable":true,"href":"https:\/\/diarioregionaldigital.com.br\/index.php?rest_route=%2Fwp%2Fv2%2Fcategories&post=92881"},{"taxonomy":"post_tag","embeddable":true,"href":"https:\/\/diarioregionaldigital.com.br\/index.php?rest_route=%2Fwp%2Fv2%2Ftags&post=92881"}],"curies":[{"name":"wp","href":"https:\/\/api.w.org\/{rel}","templated":true}]}}