{"id":92879,"date":"2018-02-28T22:12:01","date_gmt":"2018-03-01T01:12:01","guid":{"rendered":"http:\/\/diarioregionaljf.com.br\/2018\/02\/28\/abertas-as-inscricoes-para-primeira-edicao-do-premium-fm-festival-2018\/"},"modified":"2018-02-28T22:12:01","modified_gmt":"2018-03-01T01:12:01","slug":"abertas-as-inscricoes-para-primeira-edicao-do-premium-fm-festival-2018","status":"publish","type":"post","link":"https:\/\/diarioregionaldigital.com.br\/?p=92879","title":{"rendered":"Abertas as inscri\u00e7\u00f5es para primeira edi\u00e7\u00e3o do \u201cPremium FM Festival 2018\u201d"},"content":{"rendered":"<p>Est\u00e3o abertas as inscri\u00e7\u00f5es para a primeira edi\u00e7\u00e3o do \u201cPremium FM Festival 2018\u201d. Os interessados podem se inscrever pelo aplicativo Di\u00e1rio Regional, dispon\u00edvel na Google Play e Apple Store. Ser\u00e3o aceitas m\u00fasicas autorais de todos os g\u00eaneros, de artistas individuais ou bandas, de qualquer cidade da regi\u00e3o. N\u00e3o existe limite de m\u00fasicas por artista, por\u00e9m apenas uma ser\u00e1 selecionada.<\/p>\n<p>Segundo o idealizador do projeto, o gerente comercial do grupo SIRCOM, Ronald Platz, essa \u00e9 a oportunidade para artistas mostrarem seus trabalhos. \u201cPercebemos que as bandas, os m\u00fasicos e cantores n\u00e3o t\u00eam espa\u00e7o para exibir o seu trabalho. O cen\u00e1rio \u00e9 reduzido. Hoje em dia as r\u00e1dios tocam apenas tr\u00eas g\u00eaneros de m\u00fasica e acaba que os outros g\u00eaneros ficam de fora da m\u00eddia tradicional. A nossa ideia \u00e9 que esse conceito seja renovado\u201d, explicou.<\/p>\n<p>O Premium FM Festival 2018 \u00e9 organizado em parceria com a Realiza Produ\u00e7\u00f5es e MHall Cultural Center. O formato da competi\u00e7\u00e3o ser\u00e1 em eliminat\u00f3rias, semifinais e final, em que as bandas subir\u00e3o no palco do MHall e se apresentar\u00e3o para o p\u00fablico. A festa ser\u00e1 transmitida pela Televis\u00e3o Educativa Juiz de Fora (TVE-JF), canal 12, em parceria com o Vai Ali, uma produ\u00e7\u00e3o da Realiza Produ\u00e7\u00f5es. Todo conte\u00fado ser\u00e1 amplamente difundido na r\u00e1dio Premium FM, no portal de not\u00edcia do Di\u00e1rio Regional e nas redes sociais dos envolvidos.<\/p>\n<p>\u201cO principal pr\u00eamio do concurso \u00e9 tocar na r\u00e1dio Premium FM. Os vencedores ter\u00e3o uma m\u00fasica inserida na programa\u00e7\u00e3o. A nossa equipe tamb\u00e9m vai gravar um videoclipe da banda. Ela tamb\u00e9m ser\u00e1 homenageada na terceira edi\u00e7\u00e3o do trof\u00e9u Josino Arag\u00e3o, sendo a atra\u00e7\u00e3o principal. Ainda, vamos criar um CD que vai listar os 20 finalistas do festival. Toda a renda ser\u00e1 revestida para institui\u00e7\u00f5es de caridade\u201d, disse.<\/p>\n<p>Segundo a diretora-executiva da Realiza Produ\u00e7\u00f5es, Roberta Abramo, o projeto visa criar um cen\u00e1rio para fortalecimento de novas bandas, por meio do conceito de multiplica\u00e7\u00e3o em diversas plataformas de comunica\u00e7\u00e3o digitais e off-line. \u201c\u00c9 um projeto que acreditamos. Temos o prop\u00f3sito de entregar para cidade algo que vai destacar os talentos da regi\u00e3o, que vai apresentar ao p\u00fablico novas m\u00fasicas, fomentar a cultura e a arte, a n\u00edvel regional e nacional\u201d, refor\u00e7ou.<\/p>\n","protected":false},"excerpt":{"rendered":"<p>Est\u00e3o abertas as inscri\u00e7\u00f5es para a primeira edi\u00e7\u00e3o do \u201cPremium FM Festival 2018\u201d. Os interessados podem se inscrever pelo aplicativo Di\u00e1rio Regional, dispon\u00edvel na Google Play e Apple Store. Ser\u00e3o aceitas m\u00fasicas autorais de todos os g\u00eaneros, de artistas individuais ou bandas, de qualquer cidade da regi\u00e3o. N\u00e3o existe limite de m\u00fasicas por artista, por\u00e9m [&hellip;]<\/p>\n","protected":false},"author":96,"featured_media":92878,"comment_status":"closed","ping_status":"closed","sticky":false,"template":"","format":"standard","meta":{"footnotes":""},"categories":[253],"tags":[],"class_list":["post-92879","post","type-post","status-publish","format-standard","has-post-thumbnail","hentry","category-cidade"],"_links":{"self":[{"href":"https:\/\/diarioregionaldigital.com.br\/index.php?rest_route=\/wp\/v2\/posts\/92879","targetHints":{"allow":["GET"]}}],"collection":[{"href":"https:\/\/diarioregionaldigital.com.br\/index.php?rest_route=\/wp\/v2\/posts"}],"about":[{"href":"https:\/\/diarioregionaldigital.com.br\/index.php?rest_route=\/wp\/v2\/types\/post"}],"author":[{"embeddable":true,"href":"https:\/\/diarioregionaldigital.com.br\/index.php?rest_route=\/wp\/v2\/users\/96"}],"replies":[{"embeddable":true,"href":"https:\/\/diarioregionaldigital.com.br\/index.php?rest_route=%2Fwp%2Fv2%2Fcomments&post=92879"}],"version-history":[{"count":0,"href":"https:\/\/diarioregionaldigital.com.br\/index.php?rest_route=\/wp\/v2\/posts\/92879\/revisions"}],"wp:featuredmedia":[{"embeddable":true,"href":"https:\/\/diarioregionaldigital.com.br\/index.php?rest_route=\/wp\/v2\/media\/92878"}],"wp:attachment":[{"href":"https:\/\/diarioregionaldigital.com.br\/index.php?rest_route=%2Fwp%2Fv2%2Fmedia&parent=92879"}],"wp:term":[{"taxonomy":"category","embeddable":true,"href":"https:\/\/diarioregionaldigital.com.br\/index.php?rest_route=%2Fwp%2Fv2%2Fcategories&post=92879"},{"taxonomy":"post_tag","embeddable":true,"href":"https:\/\/diarioregionaldigital.com.br\/index.php?rest_route=%2Fwp%2Fv2%2Ftags&post=92879"}],"curies":[{"name":"wp","href":"https:\/\/api.w.org\/{rel}","templated":true}]}}