{"id":92873,"date":"2018-02-28T21:44:21","date_gmt":"2018-03-01T00:44:21","guid":{"rendered":"http:\/\/diarioregionaljf.com.br\/2018\/02\/28\/prefeitura-municipal-de-pirauba-pp-012-2018-01-03-18\/"},"modified":"2018-08-13T20:37:29","modified_gmt":"2018-08-13T23:37:29","slug":"prefeitura-municipal-de-pirauba-pp-012-2018-01-03-18","status":"publish","type":"post","link":"https:\/\/diarioregionaldigital.com.br\/?p=92873","title":{"rendered":"Prefeitura Municipal De Pira\u00faba Pp 012-2018 01\/03\/18"},"content":{"rendered":"<p style=\"text-align: justify;\"><span style=\"text-decoration: line-through;\"><span class=\"h4\">MUNIC\u00cdPIO DE PIRA\u00daBA \u2013<\/span> Publica\u00e7\u00e3o de Licita\u00e7\u00e3o \u2013 Preg\u00e3o Presencial n.\u00ba 012\/2018 \u2013 Processo n.\u00ba 025\/2018 \u2013 Registro de Pre\u00e7os n.\u00ba 009\/2018. Objeto: Registro de pre\u00e7os para conforme a demanda do munic\u00edpio, prestar servi\u00e7os de poda e corte de \u00e1rvores, incluindo os servi\u00e7os de tritura\u00e7\u00e3o, remo\u00e7\u00e3o e transporte dos res\u00edduos, em \u00e1rvores de responsabilidade do munic\u00edpio de Pira\u00faba (dentro do per\u00edmetro urbano e rural), conforme especifica\u00e7\u00e3o detalhada constante no Anexo I do edital. Abertura dia 14\/03\/2018 \u00e0s 12:30 horas. Local: Rua Opem\u00e1, 610 \u2013 Centro \u2013 Pira\u00faba \u2013 MG. Informa\u00e7\u00f5es por e-mail compras@pirauba.mg.gov.br ou telefone (32) 3573-1575 de 12:00 as 18:00 h. Pira\u00faba, 28 de Fevereiro de 2018. Adriano Carvalhaes Gravina \u2013 Prefeito Municipal. Fabiana Gon\u00e7alves de Paiva Benevenuto \u2013 Pregoeira.<\/span><\/p>\n","protected":false},"excerpt":{"rendered":"<p>MUNIC\u00cdPIO DE PIRA\u00daBA \u2013 Publica\u00e7\u00e3o de Licita\u00e7\u00e3o \u2013 Preg\u00e3o Presencial n.\u00ba 012\/2018 \u2013 Processo n.\u00ba 025\/2018 \u2013 Registro de Pre\u00e7os n.\u00ba 009\/2018. Objeto: Registro de pre\u00e7os para conforme a demanda do munic\u00edpio, prestar servi\u00e7os de poda e corte de \u00e1rvores, incluindo os servi\u00e7os de tritura\u00e7\u00e3o, remo\u00e7\u00e3o e transporte dos res\u00edduos, em \u00e1rvores de responsabilidade do [&hellip;]<\/p>\n","protected":false},"author":96,"featured_media":0,"comment_status":"closed","ping_status":"closed","sticky":false,"template":"","format":"standard","meta":{"footnotes":""},"categories":[307],"tags":[],"class_list":["post-92873","post","type-post","status-publish","format-standard","hentry","category-editais"],"_links":{"self":[{"href":"https:\/\/diarioregionaldigital.com.br\/index.php?rest_route=\/wp\/v2\/posts\/92873","targetHints":{"allow":["GET"]}}],"collection":[{"href":"https:\/\/diarioregionaldigital.com.br\/index.php?rest_route=\/wp\/v2\/posts"}],"about":[{"href":"https:\/\/diarioregionaldigital.com.br\/index.php?rest_route=\/wp\/v2\/types\/post"}],"author":[{"embeddable":true,"href":"https:\/\/diarioregionaldigital.com.br\/index.php?rest_route=\/wp\/v2\/users\/96"}],"replies":[{"embeddable":true,"href":"https:\/\/diarioregionaldigital.com.br\/index.php?rest_route=%2Fwp%2Fv2%2Fcomments&post=92873"}],"version-history":[{"count":0,"href":"https:\/\/diarioregionaldigital.com.br\/index.php?rest_route=\/wp\/v2\/posts\/92873\/revisions"}],"wp:attachment":[{"href":"https:\/\/diarioregionaldigital.com.br\/index.php?rest_route=%2Fwp%2Fv2%2Fmedia&parent=92873"}],"wp:term":[{"taxonomy":"category","embeddable":true,"href":"https:\/\/diarioregionaldigital.com.br\/index.php?rest_route=%2Fwp%2Fv2%2Fcategories&post=92873"},{"taxonomy":"post_tag","embeddable":true,"href":"https:\/\/diarioregionaldigital.com.br\/index.php?rest_route=%2Fwp%2Fv2%2Ftags&post=92873"}],"curies":[{"name":"wp","href":"https:\/\/api.w.org\/{rel}","templated":true}]}}