{"id":92871,"date":"2018-02-28T21:41:29","date_gmt":"2018-03-01T00:41:29","guid":{"rendered":"http:\/\/diarioregionaljf.com.br\/2018\/02\/28\/prefeitura-municipal-de-descoberto-extrato-de-contrato-01-03-18\/"},"modified":"2018-08-13T20:37:29","modified_gmt":"2018-08-13T23:37:29","slug":"prefeitura-municipal-de-descoberto-extrato-de-contrato-01-03-18","status":"publish","type":"post","link":"https:\/\/diarioregionaldigital.com.br\/?p=92871","title":{"rendered":"Prefeitura Municipal De Descoberto Extrato De Contrato 01\/03\/18"},"content":{"rendered":"<p class=\"h4\" style=\"text-align: center;\">EXTRATO PRIMEIRO TERMO ADITIVO DE CONTRATO<\/p>\n<p style=\"text-align: center;\">1\u00ba Termo Aditivo. Pref. Municipal de Descoberto x Colefar Ltda- ME- Objeto: Constitui objeto do presente termo aditivo a modifica\u00e7\u00e3o do prazo de vig\u00eancia do contrato, que passar\u00e1 a vigorar de 03\/03\/18 a 03\/03\/2019- Fundamento: Inexigibilidade n\u00ba 005\/2017 \u2013 Valor Global: 5.520,00 \u2013 Dot or\u00e7: 02.05001.10.122.0002.284-339039\/102- Ass: 28\/02\/18- Foro: S\u00e3o Jo\u00e3o Nepomuceno\/MG.<\/p>\n<p class=\"h5\" style=\"text-align: center;\">Marcos de Ara\u00fajo Lima<br \/>Prefeito Municipal<\/p>\n","protected":false},"excerpt":{"rendered":"<p>EXTRATO PRIMEIRO TERMO ADITIVO DE CONTRATO 1\u00ba Termo Aditivo. Pref. Municipal de Descoberto x Colefar Ltda- ME- Objeto: Constitui objeto do presente termo aditivo a modifica\u00e7\u00e3o do prazo de vig\u00eancia do contrato, que passar\u00e1 a vigorar de 03\/03\/18 a 03\/03\/2019- Fundamento: Inexigibilidade n\u00ba 005\/2017 \u2013 Valor Global: 5.520,00 \u2013 Dot or\u00e7: 02.05001.10.122.0002.284-339039\/102- Ass: 28\/02\/18- Foro: [&hellip;]<\/p>\n","protected":false},"author":96,"featured_media":0,"comment_status":"closed","ping_status":"closed","sticky":false,"template":"","format":"standard","meta":{"footnotes":""},"categories":[307],"tags":[],"class_list":["post-92871","post","type-post","status-publish","format-standard","hentry","category-editais"],"_links":{"self":[{"href":"https:\/\/diarioregionaldigital.com.br\/index.php?rest_route=\/wp\/v2\/posts\/92871","targetHints":{"allow":["GET"]}}],"collection":[{"href":"https:\/\/diarioregionaldigital.com.br\/index.php?rest_route=\/wp\/v2\/posts"}],"about":[{"href":"https:\/\/diarioregionaldigital.com.br\/index.php?rest_route=\/wp\/v2\/types\/post"}],"author":[{"embeddable":true,"href":"https:\/\/diarioregionaldigital.com.br\/index.php?rest_route=\/wp\/v2\/users\/96"}],"replies":[{"embeddable":true,"href":"https:\/\/diarioregionaldigital.com.br\/index.php?rest_route=%2Fwp%2Fv2%2Fcomments&post=92871"}],"version-history":[{"count":0,"href":"https:\/\/diarioregionaldigital.com.br\/index.php?rest_route=\/wp\/v2\/posts\/92871\/revisions"}],"wp:attachment":[{"href":"https:\/\/diarioregionaldigital.com.br\/index.php?rest_route=%2Fwp%2Fv2%2Fmedia&parent=92871"}],"wp:term":[{"taxonomy":"category","embeddable":true,"href":"https:\/\/diarioregionaldigital.com.br\/index.php?rest_route=%2Fwp%2Fv2%2Fcategories&post=92871"},{"taxonomy":"post_tag","embeddable":true,"href":"https:\/\/diarioregionaldigital.com.br\/index.php?rest_route=%2Fwp%2Fv2%2Ftags&post=92871"}],"curies":[{"name":"wp","href":"https:\/\/api.w.org\/{rel}","templated":true}]}}