{"id":92870,"date":"2018-02-28T21:39:57","date_gmt":"2018-03-01T00:39:57","guid":{"rendered":"http:\/\/diarioregionaljf.com.br\/2018\/02\/28\/contribuicao-sindical-rural-pessoa-fisica-exercicio-2018-01-03-18\/"},"modified":"2018-08-13T20:37:29","modified_gmt":"2018-08-13T23:37:29","slug":"contribuicao-sindical-rural-pessoa-fisica-exercicio-2018-01-03-18","status":"publish","type":"post","link":"https:\/\/diarioregionaldigital.com.br\/?p=92870","title":{"rendered":"Contribui\u00e7\u00e3o Sindical Rural Pessoa F\u00edsica Exerc\u00edcio 2018 01\/\/03\/18"},"content":{"rendered":"<p style=\"text-align: center;\"><span class=\"h4\">CONTRIBUI\u00c7\u00c3O SINDICAL RURAL PESSOA F\u00cdSICA EXERC\u00cdCIO DE 2018<\/span><br \/>A Confedera\u00e7\u00e3o da Agricultura e Pecu\u00e1ria do Brasil \u2013 CNA, em conjunto com as Federa\u00e7\u00f5es Estaduais de Agricultura e os Sindicatos Rurais e\/ou de Produtores Rurais com base no Decreto-lei n\u00ba 1.166, de 15 de abril de 1.971, que disp\u00f5e sobre a arrecada\u00e7\u00e3o da Contribui\u00e7\u00e3o Sindical Rural \u2013 CSR, em atendimento ao princ\u00edpio da publicidade e ao esp\u00edrito do que cont\u00e9m o art. 605 da CLT, v\u00eam NOTIFICAR e CONVOCAR os produtores rurais, pessoas f\u00edsicas, que possuem im\u00f3vel rural, com ou sem empregados e\/ou empreendem, a qualquer t\u00edtulo, atividade econ\u00f4mica rural, enquadrados como \u201cEmpres\u00e1rios\u201d ou \u201cEmpregadores Rurais\u201d, nos termos do artigo 1\u00ba, inciso II, al\u00edneas \u201ca\u201d, \u201cb\u201d e \u201cc\u201d do citado Decreto-lei, para realizarem o pagamento das Guias de Recolhimento da Contribui\u00e7\u00e3o Sindical Rural, referente ao exerc\u00edcio de 2018, em conformidade com o disposto no Decreto-lei 1.166\/71 e nos artigos 578 e seguintes da CLT O recolhimento da CSR ocorre at\u00e9 o dia 22 de maio de 2018, em qualquer estabelecimento integrante do sistema nacional de compensa\u00e7\u00e3o banc\u00e1ria. As guias foram emitidas com base nas informa\u00e7\u00f5es prestadas pelos contribuintes nas Declara\u00e7\u00f5es do Imposto sobre a Propriedade Territorial Rural \u2013 ITR, repassadas \u00e0 CNA pela Secretaria da Receita Federal do Brasil &#8211; SRFB, remetidas, por via postal, para os endere\u00e7os indicados nas respectivas Declara\u00e7\u00f5es, com amparo no que estabelece o artigo 17 da Lei n\u00ba 9.393, de 19 de dezembro de 1.996, e o 8\u00ba Termo Aditivo do Conv\u00eanio celebrado entre a CNA e a SRFB. Em caso de perda, de extravio ou de n\u00e3o recebimento da Guia de Recolhimento pela via postal, o contribuinte poder\u00e1 solicitar a emiss\u00e3o da 2\u00aa via, diretamente, \u00e0 Federa\u00e7\u00e3o da Agricultura do Estado onde tem domic\u00edlio, at\u00e9 5 (cinco) dias \u00fateis antes da data do vencimento, podendo optar, ainda, pela sua retirada, diretamente, pela internet, no site da CNA: www.cnabrasil.org.br. Qualquer questionamento relacionado \u00e0 Contribui\u00e7\u00e3o Sindical Rural &#8211; CSR poder\u00e1 ser encaminhado, por escrito, \u00e0 sede da CNA, situada no SGAN Quadra 601, M\u00f3dulo K, Edif\u00edcio CNA, Bras\u00edlia &#8211; Distrito Federal, Cep: 70.830-021 ou da Federa\u00e7\u00e3o da Agricultura do seu Estado, podendo ainda, ser enviado via internet no site da CNA: cna@cna.org.br. O sistema sindical rural \u00e9 composto pela Confedera\u00e7\u00e3o da Agricultura e Pecu\u00e1ria do Brasil\u2013CNA, pelas Federa\u00e7\u00f5es Estaduais de Agricultura e\/ou Pecu\u00e1ria e pelos Sindicatos Rurais e\/ou de Produtores Rurais.&nbsp; &nbsp;Bras\u00edlia, 01 de Mar\u00e7o de 2018.<br \/><span class=\"h5\">Jo\u00e3o Martins da Silva J\u00fanior<\/span><\/p>\n","protected":false},"excerpt":{"rendered":"<p>CONTRIBUI\u00c7\u00c3O SINDICAL RURAL PESSOA F\u00cdSICA EXERC\u00cdCIO DE 2018A Confedera\u00e7\u00e3o da Agricultura e Pecu\u00e1ria do Brasil \u2013 CNA, em conjunto com as Federa\u00e7\u00f5es Estaduais de Agricultura e os Sindicatos Rurais e\/ou de Produtores Rurais com base no Decreto-lei n\u00ba 1.166, de 15 de abril de 1.971, que disp\u00f5e sobre a arrecada\u00e7\u00e3o da Contribui\u00e7\u00e3o Sindical Rural \u2013 [&hellip;]<\/p>\n","protected":false},"author":96,"featured_media":0,"comment_status":"closed","ping_status":"closed","sticky":false,"template":"","format":"standard","meta":{"footnotes":""},"categories":[307],"tags":[],"class_list":["post-92870","post","type-post","status-publish","format-standard","hentry","category-editais"],"_links":{"self":[{"href":"https:\/\/diarioregionaldigital.com.br\/index.php?rest_route=\/wp\/v2\/posts\/92870","targetHints":{"allow":["GET"]}}],"collection":[{"href":"https:\/\/diarioregionaldigital.com.br\/index.php?rest_route=\/wp\/v2\/posts"}],"about":[{"href":"https:\/\/diarioregionaldigital.com.br\/index.php?rest_route=\/wp\/v2\/types\/post"}],"author":[{"embeddable":true,"href":"https:\/\/diarioregionaldigital.com.br\/index.php?rest_route=\/wp\/v2\/users\/96"}],"replies":[{"embeddable":true,"href":"https:\/\/diarioregionaldigital.com.br\/index.php?rest_route=%2Fwp%2Fv2%2Fcomments&post=92870"}],"version-history":[{"count":0,"href":"https:\/\/diarioregionaldigital.com.br\/index.php?rest_route=\/wp\/v2\/posts\/92870\/revisions"}],"wp:attachment":[{"href":"https:\/\/diarioregionaldigital.com.br\/index.php?rest_route=%2Fwp%2Fv2%2Fmedia&parent=92870"}],"wp:term":[{"taxonomy":"category","embeddable":true,"href":"https:\/\/diarioregionaldigital.com.br\/index.php?rest_route=%2Fwp%2Fv2%2Fcategories&post=92870"},{"taxonomy":"post_tag","embeddable":true,"href":"https:\/\/diarioregionaldigital.com.br\/index.php?rest_route=%2Fwp%2Fv2%2Ftags&post=92870"}],"curies":[{"name":"wp","href":"https:\/\/api.w.org\/{rel}","templated":true}]}}