{"id":92869,"date":"2018-02-28T21:37:42","date_gmt":"2018-03-01T00:37:42","guid":{"rendered":"http:\/\/diarioregionaljf.com.br\/2018\/02\/28\/cartorio-benfica-01-03-18\/"},"modified":"2018-08-13T20:37:30","modified_gmt":"2018-08-13T23:37:30","slug":"cartorio-benfica-01-03-18","status":"publish","type":"post","link":"https:\/\/diarioregionaldigital.com.br\/?p=92869","title":{"rendered":"Cart\u00f3rio Benfica 01\/03\/18"},"content":{"rendered":"<p class=\"h4\">REP\u00daBLICA FEDERATIVA DO BRASIL&nbsp;ESTADO DE MINAS GERAIS<\/p>\n<p class=\"h4\">Cart\u00f3rio de Registro Civil 3\u00ba Subdistrito &#8211; Juiz de Fora MG<br \/>Oficial Titular: Mariana Sad Albuquerque e Castro<\/p>\n<p class=\"h4\">Rua Tom\u00e9 de Souza, 49 &#8211; Lj 03 Benfica<br \/>36090270 &#8211; Juiz de Fora &#8211; MG<\/p>\n<p class=\"h4\">Faz saber que pretendem casar-se:<\/p>\n<p>01 &#8211; BRUNO ALVES, resid\u00eancia Avenida Doutor Sime\u00e3o de Faria, n\u00ba1873, Santa Cruz, Juiz de Fora-MG e ELZILENE APARECIDA MENDES DE OLIVEIRA, resid\u00eancia Avenida Doutor Sime\u00e3o de Faria, n\u00ba1873, Santa Cruz, Juiz de Fora-MG;<\/p>\n<p>02 &#8211; DANIEL MOLINA LIRA, resid\u00eancia Rua Comandante Geraldo Berg, n\u00ba111, Nova Era, Juiz de Fora-MG e BIANCA PEREIRA OLIVEIRA, resid\u00eancia Rua Comandante Geraldo Berg, n\u00ba111, Nova Era, Juiz de Fora-MG;<\/p>\n<p>03 &#8211; DIEGO DE SOUZA SILVA, resid\u00eancia Rua Nelson Lopes Correa, n\u00ba53, Barreira do Triunfo, Juiz de Fora-MG e JULIANA OLIVEIRA FERNANDES, resid\u00eancia Rua Nelson Lopes Correa, n\u00ba53, Barreira do Triunfo, Juiz de Fora-MG;<\/p>\n<p>04 &#8211; DIOGO MAGNO DE MORAIS, resid\u00eancia Rua Jeronimo Noberto Fernandes, n\u00ba75F, Benfica, Juiz de Fora-MG e SANDRA MOREIRA FERRAZ, resid\u00eancia Rua Jeronimo Noberto Fernandes, n\u00ba75F, Benfica, Juiz de Fora-MG;<\/p>\n<p>05 &#8211; FLAVIO LUIZ SOARES, resid\u00eancia Rua Francisco Esteves de Oliveira, n\u00ba41, Benfica, Juiz de Fora-MG e MAYARA MENDES PAIVA, resid\u00eancia Rua Diogo \u00c1lvares, n\u00ba315, Benfica, Juiz de Fora-MG;<\/p>\n<p>06 &#8211; JANAEL ALVES PEREIRA, resid\u00eancia Rua A, n\u00ba07, Ponte Preta, Juiz de Fora-MG e MILAYNE CARIAS BRANCO DA SILVA, resid\u00eancia Rua Assuene Antonio Ribeiro, n\u00ba141, Nova Benfica, Juiz de Fora-MG;<\/p>\n<p>07 &#8211; RAPHAEL LIMA POTROS, resid\u00eancia Rua Bento Gon\u00e7alves, n\u00ba131, Benfica, Juiz de Fora-MG e AMANDA MARIA DA SILVA, resid\u00eancia Rua dos Guararapes, n\u00ba302\/301, Benfica, Juiz de Fora-MG;<\/p>\n<p>08 &#8211; RODRIGO TEODORO TEIXEIRA, resid\u00eancia Rua Jo\u00e3o pereira da SIlva, n\u00ba85, Santa Cruz, Juiz de Fora-MG e PATR\u00cdCIA MORATORI DE OLIVEIRA, resid\u00eancia Rua Jo\u00e3o Pereira da Silva, n\u00ba85, Santa Cruz, Juiz de Fora-MG;<\/p>\n<p>09 &#8211; SERGIO SANTANA, resid\u00eancia Rua Monsenhor Francisco Paula Salgado, n\u00ba224, S\u00e3o Judas Tadeu, Juiz de Fora-MG e DEISE LUCIA MOREIRA, resid\u00eancia Rua Monsenhor Francisco Paula Salgado, n\u00ba224, S\u00e3o Judas Tadeu, Juiz de Fora-MG.<\/p>\n<p>Os contraentes apresentaram os documentos exigidos pelo art.1525 do C\u00f3digo Civil Brasileiro. Se algu\u00e9m souber de algum impedimento, que os impe\u00e7am de se casar, que o fa\u00e7a na forma da Lei:<\/p>\n<p>Juiz de Fora , 28\/02\/2018<\/p>\n<p>MARIANA SAD ALBUQUERQUE E CASTRO<br \/>Oficial do Registro Civil<br \/>Cartosoft &#8211; Automa\u00e7\u00e3o de Cart\u00f3rios do Registro Civil www.cartosoft.com.br<\/p>\n","protected":false},"excerpt":{"rendered":"<p>REP\u00daBLICA FEDERATIVA DO BRASIL&nbsp;ESTADO DE MINAS GERAIS Cart\u00f3rio de Registro Civil 3\u00ba Subdistrito &#8211; Juiz de Fora MGOficial Titular: Mariana Sad Albuquerque e Castro Rua Tom\u00e9 de Souza, 49 &#8211; Lj 03 Benfica36090270 &#8211; Juiz de Fora &#8211; MG Faz saber que pretendem casar-se: 01 &#8211; BRUNO ALVES, resid\u00eancia Avenida Doutor Sime\u00e3o de Faria, n\u00ba1873, [&hellip;]<\/p>\n","protected":false},"author":96,"featured_media":0,"comment_status":"closed","ping_status":"closed","sticky":false,"template":"","format":"standard","meta":{"footnotes":""},"categories":[307],"tags":[],"class_list":["post-92869","post","type-post","status-publish","format-standard","hentry","category-editais"],"_links":{"self":[{"href":"https:\/\/diarioregionaldigital.com.br\/index.php?rest_route=\/wp\/v2\/posts\/92869","targetHints":{"allow":["GET"]}}],"collection":[{"href":"https:\/\/diarioregionaldigital.com.br\/index.php?rest_route=\/wp\/v2\/posts"}],"about":[{"href":"https:\/\/diarioregionaldigital.com.br\/index.php?rest_route=\/wp\/v2\/types\/post"}],"author":[{"embeddable":true,"href":"https:\/\/diarioregionaldigital.com.br\/index.php?rest_route=\/wp\/v2\/users\/96"}],"replies":[{"embeddable":true,"href":"https:\/\/diarioregionaldigital.com.br\/index.php?rest_route=%2Fwp%2Fv2%2Fcomments&post=92869"}],"version-history":[{"count":0,"href":"https:\/\/diarioregionaldigital.com.br\/index.php?rest_route=\/wp\/v2\/posts\/92869\/revisions"}],"wp:attachment":[{"href":"https:\/\/diarioregionaldigital.com.br\/index.php?rest_route=%2Fwp%2Fv2%2Fmedia&parent=92869"}],"wp:term":[{"taxonomy":"category","embeddable":true,"href":"https:\/\/diarioregionaldigital.com.br\/index.php?rest_route=%2Fwp%2Fv2%2Fcategories&post=92869"},{"taxonomy":"post_tag","embeddable":true,"href":"https:\/\/diarioregionaldigital.com.br\/index.php?rest_route=%2Fwp%2Fv2%2Ftags&post=92869"}],"curies":[{"name":"wp","href":"https:\/\/api.w.org\/{rel}","templated":true}]}}