{"id":92866,"date":"2018-02-28T21:33:16","date_gmt":"2018-03-01T00:33:16","guid":{"rendered":"http:\/\/diarioregionaljf.com.br\/2018\/02\/28\/la-fora\/"},"modified":"2018-02-28T21:33:16","modified_gmt":"2018-03-01T00:33:16","slug":"la-fora","status":"publish","type":"post","link":"https:\/\/diarioregionaldigital.com.br\/?p=92866","title":{"rendered":"L\u00e1 Fora"},"content":{"rendered":"<p style=\"text-align: center;\"><span class=\"h4\">50 Tons de Branco<\/span><br \/>Ap\u00f3s receber o convite da Editora Novas Edi\u00e7\u00f5es Acad\u00eamicas, a disserta\u00e7\u00e3o de mestrado \u201c50 Tons de Branco: a representa\u00e7\u00e3o da rela\u00e7\u00e3o m\u00e9dico &#8211; paciente na telenovela\u201d, escrita pelo jornalista Talison Vardiero e orientada pelo professor M\u00e1rcio Guerra, acaba de se tornar um E-book e j\u00e1 est\u00e1 dispon\u00edvel a venda na plataforma da Editora. Palmas para ele.<\/p>\n<p style=\"text-align: center;\"><span class=\"h4\">Interc\u00e2mbio Cultural<\/span><br \/>Em interc\u00e2mbio na Costa Rica, Morel Gustavo foi convidado para dar palestras em uma escola local e contar a experi\u00eancia relacionada ao interc\u00e2mbio volunt\u00e1rio. A proposta foi um momento de compartilhamento com os alunos, al\u00e9m de apresenta\u00e7\u00e3o dos contextos de brasilidade aos costa-riquenhos.<\/p>\n<p style=\"text-align: center;\"><span class=\"h4\">Vem Baile A\u00ed<\/span><br \/>Com toda a anima\u00e7\u00e3o poss\u00edvel, a servidora p\u00fablica Aline Nicolette est\u00e1 empenhada para celebrar a formatura no curso de Direito pela UFJF. Familiares e amigos j\u00e1 est\u00e3o se mobilizando na produ\u00e7\u00e3o para as grandes surpresas que acontecer\u00e3o na noite de gala. O baile acontece no dia 10 de mar\u00e7o no prestigiado espa\u00e7o do Capit\u00f3lio.<\/p>\n<p style=\"text-align: center;\"><span class=\"h4\">Fest\u00e3o<\/span><br \/>Em ritmo de parab\u00e9ns pra voc\u00ea, a elegante Virg\u00ednia Duarte Panissoli de Souza est\u00e1 entrando em contagem regressiva para comemorar o anivers\u00e1rio de 15 anos da filha, Ana Carolina. A festa que foge dos moldes tradicionais segue um padr\u00e3o contempor\u00e2neo chamado de Tumbir. Com a tem\u00e1tica toda trabalhada no Neon e em luz negra, o visual vai arrasar. O servi\u00e7o ser\u00e1 do Buffet a Festa \u00e9 Sua e o cerimonial corret\u00edssimo de Talison Vardiero ir\u00e1 dar o tom na organiza\u00e7\u00e3o do evento.<\/p>\n<p style=\"text-align: center;\"><span class=\"h4\">L\u00e1 Fora<\/span><br \/>A coordenadora dos cursos de Comunica\u00e7\u00e3o da Est\u00e1cio, Aline Maia, participa do Scolas 2018 Conference que acontece em San Ant\u00f4nio, no Texas. A apresenta\u00e7\u00e3o da pesquisa acontece via Skype, hoje, 1\u00ba de mar\u00e7o.<\/p>\n<p class=\"h4\"><img decoding=\"async\" class=\" size-full wp-image-92856\" src=\"http:\/\/diarioregionaljf.com.br\/wp-content\/uploads\/2018\/02\/diario-int-24614-1.jpg\" alt=\"fotoa.jpg\" width=\"680\" style=\"display: block; margin-left: auto; margin-right: auto;\" srcset=\"https:\/\/diarioregionaldigital.com.br\/wp-content\/uploads\/2018\/02\/diario-int-24614-1.jpg 680w, https:\/\/diarioregionaldigital.com.br\/wp-content\/uploads\/2018\/02\/diario-int-24614-1-300x169.jpg 300w, https:\/\/diarioregionaldigital.com.br\/wp-content\/uploads\/2018\/02\/diario-int-24614-1-360x203.jpg 360w\" sizes=\"(max-width: 680px) 100vw, 680px\" \/><\/p>\n<p style=\"text-align: center;\">Em noite de samba no Bar da Laje, Juliana de Jesus Concei\u00e7\u00e3o, Leandro de Souza Cardoso, Eduardo Gomes e Mariane de Jesus Concei\u00e7\u00e3o<\/p>\n<p style=\"text-align: center;\"><img decoding=\"async\" class=\" size-full wp-image-92857\" src=\"http:\/\/diarioregionaljf.com.br\/wp-content\/uploads\/2018\/02\/diario-int-24614-2.jpg\" alt=\"fotob.jpg\" width=\"680\" style=\"display: block; margin-left: auto; margin-right: auto;\" srcset=\"https:\/\/diarioregionaldigital.com.br\/wp-content\/uploads\/2018\/02\/diario-int-24614-2.jpg 680w, https:\/\/diarioregionaldigital.com.br\/wp-content\/uploads\/2018\/02\/diario-int-24614-2-300x199.jpg 300w, https:\/\/diarioregionaldigital.com.br\/wp-content\/uploads\/2018\/02\/diario-int-24614-2-360x238.jpg 360w\" sizes=\"(max-width: 680px) 100vw, 680px\" \/>A classe do designer de interiores de JF Rodrigo Bissoli, em recente casamento no Rio de Janeiro<\/p>\n<p style=\"text-align: center;\"><img decoding=\"async\" class=\" size-full wp-image-92858\" src=\"http:\/\/diarioregionaljf.com.br\/wp-content\/uploads\/2018\/02\/diario-int-24614-3.jpg\" alt=\"fotoc.jpg\" width=\"680\" style=\"display: block; margin-left: auto; margin-right: auto;\" srcset=\"https:\/\/diarioregionaldigital.com.br\/wp-content\/uploads\/2018\/02\/diario-int-24614-3.jpg 680w, https:\/\/diarioregionaldigital.com.br\/wp-content\/uploads\/2018\/02\/diario-int-24614-3-300x169.jpg 300w, https:\/\/diarioregionaldigital.com.br\/wp-content\/uploads\/2018\/02\/diario-int-24614-3-360x203.jpg 360w\" sizes=\"(max-width: 680px) 100vw, 680px\" \/>Jardel Ferreira no dia de seu casamento, com sua fam\u00edlia, Terezinha Vasconcellos, M\u00f4nica Ferreira e Luciano Maximiniano<\/p>\n<p style=\"text-align: center;\"><img decoding=\"async\" class=\" size-full wp-image-92859\" src=\"http:\/\/diarioregionaljf.com.br\/wp-content\/uploads\/2018\/02\/diario-int-24614-4.jpg\" alt=\"fotod.jpg\" width=\"680\" style=\"display: block; margin-left: auto; margin-right: auto;\" srcset=\"https:\/\/diarioregionaldigital.com.br\/wp-content\/uploads\/2018\/02\/diario-int-24614-4.jpg 680w, https:\/\/diarioregionaldigital.com.br\/wp-content\/uploads\/2018\/02\/diario-int-24614-4-300x199.jpg 300w, https:\/\/diarioregionaldigital.com.br\/wp-content\/uploads\/2018\/02\/diario-int-24614-4-360x238.jpg 360w\" sizes=\"(max-width: 680px) 100vw, 680px\" \/>Em fam\u00edlia no Sabor da Massa, Felipe Pasqualino com a m\u00e3e Jussara e a irm\u00e3 Fernanda<\/p>\n<p style=\"text-align: center;\"><img decoding=\"async\" class=\" size-full wp-image-92860\" src=\"http:\/\/diarioregionaljf.com.br\/wp-content\/uploads\/2018\/02\/diario-int-24614-5.jpg\" alt=\"fotoe.jpg\" width=\"680\" style=\"display: block; margin-left: auto; margin-right: auto;\" srcset=\"https:\/\/diarioregionaldigital.com.br\/wp-content\/uploads\/2018\/02\/diario-int-24614-5.jpg 680w, https:\/\/diarioregionaldigital.com.br\/wp-content\/uploads\/2018\/02\/diario-int-24614-5-300x199.jpg 300w, https:\/\/diarioregionaldigital.com.br\/wp-content\/uploads\/2018\/02\/diario-int-24614-5-360x238.jpg 360w\" sizes=\"(max-width: 680px) 100vw, 680px\" \/>Joseph Santos com a Ju\u00edza de Paz e Conselheira do CRBE no Itamaraty Ester Sanches, no est\u00fadio da TVE\/JF<\/p>\n<p style=\"text-align: center;\"><img decoding=\"async\" class=\" size-full wp-image-92861\" src=\"http:\/\/diarioregionaljf.com.br\/wp-content\/uploads\/2018\/02\/diario-int-24614-6.jpg\" alt=\"fotof.jpg\" width=\"680\" style=\"display: block; margin-left: auto; margin-right: auto;\" srcset=\"https:\/\/diarioregionaldigital.com.br\/wp-content\/uploads\/2018\/02\/diario-int-24614-6.jpg 680w, https:\/\/diarioregionaldigital.com.br\/wp-content\/uploads\/2018\/02\/diario-int-24614-6-300x199.jpg 300w, https:\/\/diarioregionaldigital.com.br\/wp-content\/uploads\/2018\/02\/diario-int-24614-6-360x238.jpg 360w\" sizes=\"(max-width: 680px) 100vw, 680px\" \/>O jornalista e escritor Talison Vardiero, absoluto, comemorando o lan\u00e7amento do seu E-book<\/p>\n<p style=\"text-align: center;\"><img decoding=\"async\" class=\" size-full wp-image-92862\" src=\"http:\/\/diarioregionaljf.com.br\/wp-content\/uploads\/2018\/02\/diario-int-24614-7.jpg\" alt=\"fotog.jpg\" width=\"680\" style=\"display: block; margin-left: auto; margin-right: auto;\" srcset=\"https:\/\/diarioregionaldigital.com.br\/wp-content\/uploads\/2018\/02\/diario-int-24614-7.jpg 680w, https:\/\/diarioregionaldigital.com.br\/wp-content\/uploads\/2018\/02\/diario-int-24614-7-300x243.jpg 300w, https:\/\/diarioregionaldigital.com.br\/wp-content\/uploads\/2018\/02\/diario-int-24614-7-360x291.jpg 360w\" sizes=\"(max-width: 680px) 100vw, 680px\" \/>Felizes em seu \u201cDia D\u201d, Sueli Vieira e Jardel Ferreira<\/p>\n<p style=\"text-align: center;\"><img decoding=\"async\" class=\" size-full wp-image-92863\" src=\"http:\/\/diarioregionaljf.com.br\/wp-content\/uploads\/2018\/02\/diario-int-24614-8.jpg\" alt=\"fotoh.jpg\" width=\"680\" style=\"display: block; margin-left: auto; margin-right: auto;\" srcset=\"https:\/\/diarioregionaldigital.com.br\/wp-content\/uploads\/2018\/02\/diario-int-24614-8.jpg 680w, https:\/\/diarioregionaldigital.com.br\/wp-content\/uploads\/2018\/02\/diario-int-24614-8-300x199.jpg 300w, https:\/\/diarioregionaldigital.com.br\/wp-content\/uploads\/2018\/02\/diario-int-24614-8-360x238.jpg 360w\" sizes=\"(max-width: 680px) 100vw, 680px\" \/>Comemorando o sucesso de sua Framburgueria em Santa Terezinha, o empres\u00e1rio Silas Andrade<\/p>\n<p style=\"text-align: center;\"><img decoding=\"async\" class=\" size-full wp-image-92864\" src=\"http:\/\/diarioregionaljf.com.br\/wp-content\/uploads\/2018\/02\/diario-int-24614-9.jpg\" alt=\"fotoi.jpg\" width=\"680\" style=\"display: block; margin-left: auto; margin-right: auto;\" srcset=\"https:\/\/diarioregionaldigital.com.br\/wp-content\/uploads\/2018\/02\/diario-int-24614-9.jpg 680w, https:\/\/diarioregionaldigital.com.br\/wp-content\/uploads\/2018\/02\/diario-int-24614-9-300x243.jpg 300w, https:\/\/diarioregionaldigital.com.br\/wp-content\/uploads\/2018\/02\/diario-int-24614-9-360x291.jpg 360w\" sizes=\"(max-width: 680px) 100vw, 680px\" \/>No Bar do Chico em noite alto astral, os amigos Ricardo Alex Souza, M\u00e1rcio Marques, Erika Beire e Beto Souza<\/p>\n<p style=\"text-align: center;\"><img decoding=\"async\" class=\" size-full wp-image-92865\" src=\"http:\/\/diarioregionaljf.com.br\/wp-content\/uploads\/2018\/02\/diario-int-24614-10.jpg\" alt=\"fotoj.jpg\" width=\"680\" style=\"display: block; margin-left: auto; margin-right: auto;\" srcset=\"https:\/\/diarioregionaldigital.com.br\/wp-content\/uploads\/2018\/02\/diario-int-24614-10.jpg 680w, https:\/\/diarioregionaldigital.com.br\/wp-content\/uploads\/2018\/02\/diario-int-24614-10-300x199.jpg 300w, https:\/\/diarioregionaldigital.com.br\/wp-content\/uploads\/2018\/02\/diario-int-24614-10-360x238.jpg 360w\" sizes=\"(max-width: 680px) 100vw, 680px\" \/>Em Ilha Bella, a eleg\u00e2ncia da escritora Cecy Barbosa Campos<\/p>\n<p class=\"h4\" style=\"text-align: center;\">FOTOSS\u00cdNTESE<\/p>\n<p>Agendado para hoje, 1\u00ba de mar\u00e7o, a outorga do T\u00edtulo de Cidad\u00e3o Benem\u00e9rito de JF para Ant\u00f4nio Carlos Guedes Almas. Ser\u00e1 na C\u00e2mara Municipal, em decreto do vereador Marlon Siqueira.<\/p>\n<p>Patr\u00edcia Rodrigues est\u00e1 fazendo o maior sucesso com seus produtos artesanais deliciosos, bom para dieta e melhor qualidade de vida. Em cena, pasta de amendoim integral, bolo de pote fit, bolos bow carb e p\u00e3o de mel fit. Encomendas pelo fone (032) 99122-0193.<\/p>\n<p>Conjugando talento e criatividade, o coiffeur Rosemberg Frizeiro do Sal\u00e3o PH, concluiu mais um curso em expert de mechas produzido pela Itallian Hair Tech, no espa\u00e7o da RP-Minas.<\/p>\n<p>Juiz de Fora \u00e9 pioneira ao instituir o Dia Municipal da Cerveja Artesanal, que ser\u00e1 comemorado em todo 27 de maio.<\/p>\n<p>Aten\u00e7\u00e3o: o processo eleitoral juiz-forano ser\u00e1 coordenado pelo juiz Jos\u00e9 Clemente da Piedade Almeida. A nomea\u00e7\u00e3o do magistrado saiu no Di\u00e1rio Oficial do Judici\u00e1rio. Atualmente, ele \u00e9 titular da 3\u00aa Vara Criminal.<\/p>\n<p>Para o domingo, 4, o Teatro Solar vai apresentar, \u00e0s 16h, a Caravana da Alegria levando ao palco a pe\u00e7a Jo\u00e3o e Maria, com o Grupo Mis-En-Scene.<\/p>\n<p>Para os dias 21 e 22 de abril, a Havan vai promover o evento Feira das Noivas. Para focalizar, entra em cena tudo sobre a festa, vestu\u00e1rio, buffet, acess\u00f3rios, cerimonial e decora\u00e7\u00e3o.<\/p>\n<p>Ser\u00e1 no dia 2 de mar\u00e7o, \u00e0s 20h, a inaugura\u00e7\u00e3o do Casino Vivant, com espa\u00e7o emocionante no Edif\u00edcio Varanda Yacht Golf Club, em Assuncion no Paraguai. Convidando este colunista, a promoter Ivete Gomes.<\/p>\n<p>Um ax\u00e9 muito especial para Maria Rita Lanziotti.<\/p>\n<p>Sess\u00e3o flor de laranjeira vai unir em casamento os bonitos Amanda Bartoli e Frederico Medina. Ser\u00e1 dia 3 de mar\u00e7o, na Igreja da Gl\u00f3ria. Ela, filha de Rosane e Mauro Bartoli Rodrigues. Ele, filho de Esmeralda e Fl\u00e1vio Alves Medina.<\/p>\n<p>Dona cegonha aprontou de novo. Colocou na chamin\u00e9 de Ana Carolina Resende Fernandes e Ronnie Girardi a linda estrelinha Valentina.<\/p>\n<p>Para usufruir totalmente: Coisas boas atraem coisas boas! Bom dia.<\/p>\n","protected":false},"excerpt":{"rendered":"<p>50 Tons de BrancoAp\u00f3s receber o convite da Editora Novas Edi\u00e7\u00f5es Acad\u00eamicas, a disserta\u00e7\u00e3o de mestrado \u201c50 Tons de Branco: a representa\u00e7\u00e3o da rela\u00e7\u00e3o m\u00e9dico &#8211; paciente na telenovela\u201d, escrita pelo jornalista Talison Vardiero e orientada pelo professor M\u00e1rcio Guerra, acaba de se tornar um E-book e j\u00e1 est\u00e1 dispon\u00edvel a venda na plataforma da [&hellip;]<\/p>\n","protected":false},"author":96,"featured_media":92855,"comment_status":"closed","ping_status":"closed","sticky":false,"template":"","format":"standard","meta":{"footnotes":""},"categories":[264],"tags":[],"class_list":["post-92866","post","type-post","status-publish","format-standard","has-post-thumbnail","hentry","category-eduardo-gomes"],"_links":{"self":[{"href":"https:\/\/diarioregionaldigital.com.br\/index.php?rest_route=\/wp\/v2\/posts\/92866","targetHints":{"allow":["GET"]}}],"collection":[{"href":"https:\/\/diarioregionaldigital.com.br\/index.php?rest_route=\/wp\/v2\/posts"}],"about":[{"href":"https:\/\/diarioregionaldigital.com.br\/index.php?rest_route=\/wp\/v2\/types\/post"}],"author":[{"embeddable":true,"href":"https:\/\/diarioregionaldigital.com.br\/index.php?rest_route=\/wp\/v2\/users\/96"}],"replies":[{"embeddable":true,"href":"https:\/\/diarioregionaldigital.com.br\/index.php?rest_route=%2Fwp%2Fv2%2Fcomments&post=92866"}],"version-history":[{"count":0,"href":"https:\/\/diarioregionaldigital.com.br\/index.php?rest_route=\/wp\/v2\/posts\/92866\/revisions"}],"wp:featuredmedia":[{"embeddable":true,"href":"https:\/\/diarioregionaldigital.com.br\/index.php?rest_route=\/wp\/v2\/media\/92855"}],"wp:attachment":[{"href":"https:\/\/diarioregionaldigital.com.br\/index.php?rest_route=%2Fwp%2Fv2%2Fmedia&parent=92866"}],"wp:term":[{"taxonomy":"category","embeddable":true,"href":"https:\/\/diarioregionaldigital.com.br\/index.php?rest_route=%2Fwp%2Fv2%2Fcategories&post=92866"},{"taxonomy":"post_tag","embeddable":true,"href":"https:\/\/diarioregionaldigital.com.br\/index.php?rest_route=%2Fwp%2Fv2%2Ftags&post=92866"}],"curies":[{"name":"wp","href":"https:\/\/api.w.org\/{rel}","templated":true}]}}