{"id":92854,"date":"2018-02-28T21:31:53","date_gmt":"2018-03-01T00:31:53","guid":{"rendered":"http:\/\/diarioregionaljf.com.br\/2018\/02\/28\/audiencia-publica-debate-continuidade-do-centro-mais-vida\/"},"modified":"2018-02-28T21:31:53","modified_gmt":"2018-03-01T00:31:53","slug":"audiencia-publica-debate-continuidade-do-centro-mais-vida","status":"publish","type":"post","link":"https:\/\/diarioregionaldigital.com.br\/?p=92854","title":{"rendered":"Audi\u00eancia P\u00fablica debate continuidade do Centro Mais Vida"},"content":{"rendered":"<p>O Centro Mais Vida, programa administrado pela Ag\u00eancia de Coopera\u00e7\u00e3o Intermunicipal em Sa\u00fade P\u00e9 da Serra (Acispes) h\u00e1 nove anos, n\u00e3o vai fechar as portas. A informa\u00e7\u00e3o foi divulgada pelo superintendente Regional de Sa\u00fade Oleg Abramov, na tarde dessa quarta-feira, 28, durante audi\u00eancia p\u00fablica na C\u00e2mara Municipal. Segundo o Superintendente, pend\u00eancias em conv\u00eanios atrasam o in\u00edcio do pagamento da d\u00edvida do estado com a unidade, que gira em torno de R$5 milh\u00f5es e estava previsto para at\u00e9 o fim de fevereiro.<\/p>\n<p>H\u00e1 informa\u00e7\u00e3o j\u00e1 havia sido apurada pela reportagem durante o come\u00e7o desta semana. Em nota, a Secretaria Estadual de Sa\u00fade de Minas Gerais (SES-MG) informou que disponibilizou R$600 mil para pagamento de uma das parcelas em atraso, mas a conta da institui\u00e7\u00e3o foi bloqueada devido \u00e0s pend\u00eancias nas presta\u00e7\u00f5es de contas de conv\u00eanios com o estado, o que impossibilitou o dep\u00f3sito do dinheiro. A expectativa da Acispes \u00e9 que o entrave seja resolvido at\u00e9 o fim da primeira quinzena de mar\u00e7o.<\/p>\n<p>Com as portas fechadas desde o dia 8 deste m\u00eas, o centro voltou a receber pacientes na \u00faltima segunda-feira, 26, ap\u00f3s o governador Fernando Pimentel (PT) sinalizar para a dire\u00e7\u00e3o da unidade que come\u00e7aria a quitar a d\u00edvida. Em carta aberta divulgada no dia 19 deste m\u00eas, a Acispes confirmou que o seu presidente Ormeu Rabello Filho, se reuniu com o parlamentar do PT para tratar o assunto. Durante o encontro realizado no \u00faltimo dia 15, ficou definido o pagamento de R$1.226.394,88 correspondentes ao \u00faltimo quadrimestre de 2016, em duas parcelas iguais de R$613.197,44. A primeira parcela estava prevista para ser quitada ainda em fevereiro e a segunda na primeira quinzena de mar\u00e7o.<\/p>\n<p>A unidade j\u00e1 n\u00e3o recebeia os repasses do estado h\u00e1 um ano e meio. O centro vinha sendo custeado com recursos das 26 prefeituras consorciadas com a Acispes. A situa\u00e7\u00e3o mobilizou os prefeitos a se reunirem e, durante assembleia realizada em janeiro, eles decidiram paralisar o programa at\u00e9 que o d\u00e9bito fosse regularizado. Como justificativa ao n\u00e3o pagamento da verba, \u00e0 \u00e9poca, a SES-MG afirmou que o crescente d\u00e9ficit financeiro do estado refletiu em v\u00e1rias \u00e1reas, como a da sa\u00fade. O Governo, inclusive, decretou situa\u00e7\u00e3o de calamidade financeira em dezembro de 2016.<\/p>\n<h4>&nbsp;<\/h4>\n<h4>MEDO DE PORTAS FECHADAS MOBILIZOU IDOSOS<\/h4>\n<p>Dezenas de idosos compareceram \u00e0 C\u00e2mara para manifestar apoio \u00e0 continuidade do servi\u00e7o. A not\u00edcia de que o atendimento seria suspenso causou medo no aposentado Sebasti\u00e3o Alves da Silva, de 80 anos. \u201cPrecisamos entrar nessa batalha. Sabemos que o sofrimento do pobre que tamb\u00e9m \u00e9 velho \u00e9 muito grande. A sa\u00fade j\u00e1 est\u00e1 fragilizada. O idoso j\u00e1 sofre com a falta de pol\u00edticas destinadas a ele, e ficar sem esse atendimento, que \u00e9 de qualidade, oferece todos os cuidados necess\u00e1rios para o nosso bem-estar e \u00e9 gratuito, \u00e9 muito dif\u00edcil\u201d, disse.<\/p>\n<p>A vereadora Ana Rossignoli (PMDB) tamb\u00e9m ressaltou a import\u00e2ncia do centro. \u201cN\u00e3o podemos permitir que os idosos percam o atendimento que \u00e9 prestado pelo programa\u201d, refor\u00e7ou.<\/p>\n<p>O vereador e presidente da Comiss\u00e3o de Sa\u00fade P\u00fablica e Bem-Estar Social da C\u00e2mara Kenedy Ribeiro (PMDB) defendeu a manuten\u00e7\u00e3o do servi\u00e7o. \u201cEst\u00e1 em nossas m\u00e3os. Sabemos que o governo prometeu o repasse de 2016, mas ainda falta o valor referente 2017. Por isso, nos reunimos para garantir que o centro continue com as portas abertas\u201d, disse.<\/p>\n<h4>&nbsp;<\/h4>\n<h4>O CENTRO MAIS VIDA<\/h4>\n<p>Por exig\u00eancia da SES-MG, o Centro Mais Vida, que funciona na sede da Acispes, situada no bairro S\u00e3o Mateus, regi\u00e3o central, desde 2008, realiza cerca de 600 atendimentos mensais, provenientes dos 94 munic\u00edpios que fazem parte da macrorregi\u00e3o Sudeste. Ao longo dos quase 10 anos, mais de 70 mil idosos foram atendidos.<\/p>\n<p>O paciente passa por avalia\u00e7\u00e3o realizada por uma equipe composta por profissionais de diversas \u00e1reas, como m\u00e9dicos, fisioterapeutas, terapeutas ocupacionais, enfermeiros, fonoaudi\u00f3logos, farmac\u00eauticos, nutricionistas, psic\u00f3logos e assistentes sociais. Atrav\u00e9s do laudo m\u00e9dico, \u00e9 elaborado o plano de cuidados do idoso, que aponta os principais problemas de sa\u00fade do paciente e as sugest\u00f5es de tratamentos e utiliza\u00e7\u00e3o de medicamentos, facilitando o atendimento do paciente nas Unidades B\u00e1sicas de Sa\u00fade (UBS) de seu munic\u00edpio.<\/p>\n","protected":false},"excerpt":{"rendered":"<p>O Centro Mais Vida, programa administrado pela Ag\u00eancia de Coopera\u00e7\u00e3o Intermunicipal em Sa\u00fade P\u00e9 da Serra (Acispes) h\u00e1 nove anos, n\u00e3o vai fechar as portas. A informa\u00e7\u00e3o foi divulgada pelo superintendente Regional de Sa\u00fade Oleg Abramov, na tarde dessa quarta-feira, 28, durante audi\u00eancia p\u00fablica na C\u00e2mara Municipal. Segundo o Superintendente, pend\u00eancias em conv\u00eanios atrasam o [&hellip;]<\/p>\n","protected":false},"author":96,"featured_media":0,"comment_status":"closed","ping_status":"closed","sticky":false,"template":"","format":"standard","meta":{"footnotes":""},"categories":[253],"tags":[],"class_list":["post-92854","post","type-post","status-publish","format-standard","hentry","category-cidade"],"_links":{"self":[{"href":"https:\/\/diarioregionaldigital.com.br\/index.php?rest_route=\/wp\/v2\/posts\/92854","targetHints":{"allow":["GET"]}}],"collection":[{"href":"https:\/\/diarioregionaldigital.com.br\/index.php?rest_route=\/wp\/v2\/posts"}],"about":[{"href":"https:\/\/diarioregionaldigital.com.br\/index.php?rest_route=\/wp\/v2\/types\/post"}],"author":[{"embeddable":true,"href":"https:\/\/diarioregionaldigital.com.br\/index.php?rest_route=\/wp\/v2\/users\/96"}],"replies":[{"embeddable":true,"href":"https:\/\/diarioregionaldigital.com.br\/index.php?rest_route=%2Fwp%2Fv2%2Fcomments&post=92854"}],"version-history":[{"count":0,"href":"https:\/\/diarioregionaldigital.com.br\/index.php?rest_route=\/wp\/v2\/posts\/92854\/revisions"}],"wp:attachment":[{"href":"https:\/\/diarioregionaldigital.com.br\/index.php?rest_route=%2Fwp%2Fv2%2Fmedia&parent=92854"}],"wp:term":[{"taxonomy":"category","embeddable":true,"href":"https:\/\/diarioregionaldigital.com.br\/index.php?rest_route=%2Fwp%2Fv2%2Fcategories&post=92854"},{"taxonomy":"post_tag","embeddable":true,"href":"https:\/\/diarioregionaldigital.com.br\/index.php?rest_route=%2Fwp%2Fv2%2Ftags&post=92854"}],"curies":[{"name":"wp","href":"https:\/\/api.w.org\/{rel}","templated":true}]}}