{"id":92853,"date":"2018-02-28T21:10:28","date_gmt":"2018-03-01T00:10:28","guid":{"rendered":"http:\/\/diarioregionaljf.com.br\/2018\/02\/28\/governo-de-minas-gerais-firma-acordo-e-servidores-do-ipsemg-encerram-greve\/"},"modified":"2018-02-28T21:10:28","modified_gmt":"2018-03-01T00:10:28","slug":"governo-de-minas-gerais-firma-acordo-e-servidores-do-ipsemg-encerram-greve","status":"publish","type":"post","link":"https:\/\/diarioregionaldigital.com.br\/?p=92853","title":{"rendered":"Governo de Minas Gerais firma acordo e servidores do Ipsemg encerram greve"},"content":{"rendered":"<p>O Governo de Minas Gerais, o Instituto de Previd\u00eancia dos Servidores do Estado de Minas Gerais (Ipsemg) e o Sindicato dos Servidores do Ipsemg (Sisipsemg) se reuniram nesta quarta-feira, 28, e chegaram a um acordo para colocar fim a <a href=\"politica\/24424-servidores-do-ipsemg-anunciam-greve-a-partir-de-sexta\" target=\"_blank\" rel=\"noopener noreferrer\">greve<\/a> iniciada h\u00e1 dois dias. O retorno ao trabalho \u00e9 imediato.<\/p>\n<p>Al\u00e9m da ajuda de custo por dia &#8211; atrelada ao cumprimento das metas estabelecidas na reuni\u00e3o do dia 26 -, o \u00faltimo item da pauta de reivindica\u00e7\u00e3o dos servidores foi pactuado hoje: a extens\u00e3o do benef\u00edcio para os trabalhadores que exercem menos de 30 horas semanais.<\/p>\n<p>A ajuda de custo ser\u00e1 paga mediante o cumprimento de metas de produtividade e qualidade no atendimento, o que tem como objetivo melhorar os servi\u00e7os prestados pelo Ipsemg ao servidores mineiros.<\/p>\n<p>A compensa\u00e7\u00e3o dos dias parados ser\u00e1 negociada com a Secretaria de Estado de Planejamento e Gest\u00e3o (Seplag) e a dire\u00e7\u00e3o do Ipsemg.<\/p>\n<p>&nbsp;<\/p>\n<p>Fonte: Ag\u00eancia Minas<\/p>\n","protected":false},"excerpt":{"rendered":"<p>O Governo de Minas Gerais, o Instituto de Previd\u00eancia dos Servidores do Estado de Minas Gerais (Ipsemg) e o Sindicato dos Servidores do Ipsemg (Sisipsemg) se reuniram nesta quarta-feira, 28, e chegaram a um acordo para colocar fim a greve iniciada h\u00e1 dois dias. O retorno ao trabalho \u00e9 imediato. Al\u00e9m da ajuda de custo [&hellip;]<\/p>\n","protected":false},"author":96,"featured_media":92852,"comment_status":"closed","ping_status":"closed","sticky":false,"template":"","format":"standard","meta":{"footnotes":""},"categories":[254],"tags":[],"class_list":["post-92853","post","type-post","status-publish","format-standard","has-post-thumbnail","hentry","category-politica"],"_links":{"self":[{"href":"https:\/\/diarioregionaldigital.com.br\/index.php?rest_route=\/wp\/v2\/posts\/92853","targetHints":{"allow":["GET"]}}],"collection":[{"href":"https:\/\/diarioregionaldigital.com.br\/index.php?rest_route=\/wp\/v2\/posts"}],"about":[{"href":"https:\/\/diarioregionaldigital.com.br\/index.php?rest_route=\/wp\/v2\/types\/post"}],"author":[{"embeddable":true,"href":"https:\/\/diarioregionaldigital.com.br\/index.php?rest_route=\/wp\/v2\/users\/96"}],"replies":[{"embeddable":true,"href":"https:\/\/diarioregionaldigital.com.br\/index.php?rest_route=%2Fwp%2Fv2%2Fcomments&post=92853"}],"version-history":[{"count":0,"href":"https:\/\/diarioregionaldigital.com.br\/index.php?rest_route=\/wp\/v2\/posts\/92853\/revisions"}],"wp:featuredmedia":[{"embeddable":true,"href":"https:\/\/diarioregionaldigital.com.br\/index.php?rest_route=\/wp\/v2\/media\/92852"}],"wp:attachment":[{"href":"https:\/\/diarioregionaldigital.com.br\/index.php?rest_route=%2Fwp%2Fv2%2Fmedia&parent=92853"}],"wp:term":[{"taxonomy":"category","embeddable":true,"href":"https:\/\/diarioregionaldigital.com.br\/index.php?rest_route=%2Fwp%2Fv2%2Fcategories&post=92853"},{"taxonomy":"post_tag","embeddable":true,"href":"https:\/\/diarioregionaldigital.com.br\/index.php?rest_route=%2Fwp%2Fv2%2Ftags&post=92853"}],"curies":[{"name":"wp","href":"https:\/\/api.w.org\/{rel}","templated":true}]}}