{"id":92851,"date":"2018-02-28T20:51:06","date_gmt":"2018-02-28T23:51:06","guid":{"rendered":"http:\/\/diarioregionaljf.com.br\/2018\/02\/28\/pesquisa-da-pjf-revela-aumento-no-preco-medio-do-leite-tipo-c\/"},"modified":"2018-02-28T20:51:06","modified_gmt":"2018-02-28T23:51:06","slug":"pesquisa-da-pjf-revela-aumento-no-preco-medio-do-leite-tipo-c","status":"publish","type":"post","link":"https:\/\/diarioregionaldigital.com.br\/?p=92851","title":{"rendered":"Pesquisa da PJF revela aumento no pre\u00e7o m\u00e9dio do leite tipo C"},"content":{"rendered":"<p>Em rela\u00e7\u00e3o \u00e0 semana passada, o pre\u00e7o m\u00e9dio do leite tipo C apresentou aumento de 1,16%, passando a custar R$2,973. Os dados foram apurados nesta quarta-feira, 28, pela Secretaria de Agropecu\u00e1ria e Abastecimento (SAA) da Prefeitura de Juiz de Fora (PJF). Os valores m\u00e1ximos e m\u00ednimos n\u00e3o foram alterados, permanecendo em R$3,80 e R$2,50, respectivamente. A varia\u00e7\u00e3o em rela\u00e7\u00e3o \u00e0 igual per\u00edodo do ano passado foi de mais 3,33%.<\/p>\n<p>A pesquisa foi aferida pelo Departamento de Fomento Agropecu\u00e1rio, Promo\u00e7\u00e3o Rural e Informa\u00e7\u00e3o (Dfapri) da SAA em 53 estabelecimentos, localizados nas oito regi\u00f5es do munic\u00edpio, com objetivo de informar a popula\u00e7\u00e3o sobre varia\u00e7\u00f5es de pre\u00e7o do produto. \u00c9 atrav\u00e9s do percentual do valor m\u00e9dio de comercializa\u00e7\u00e3o que os latic\u00ednios estabelecem o pre\u00e7o do leite in natura com produtores da cidade e regi\u00e3o.<\/p>\n<p>&nbsp;<\/p>\n<p>Fonte: Assessoria\/PJF<\/p>\n","protected":false},"excerpt":{"rendered":"<p>Em rela\u00e7\u00e3o \u00e0 semana passada, o pre\u00e7o m\u00e9dio do leite tipo C apresentou aumento de 1,16%, passando a custar R$2,973. Os dados foram apurados nesta quarta-feira, 28, pela Secretaria de Agropecu\u00e1ria e Abastecimento (SAA) da Prefeitura de Juiz de Fora (PJF). Os valores m\u00e1ximos e m\u00ednimos n\u00e3o foram alterados, permanecendo em R$3,80 e R$2,50, respectivamente. [&hellip;]<\/p>\n","protected":false},"author":96,"featured_media":92850,"comment_status":"closed","ping_status":"closed","sticky":false,"template":"","format":"standard","meta":{"footnotes":""},"categories":[261],"tags":[],"class_list":["post-92851","post","type-post","status-publish","format-standard","has-post-thumbnail","hentry","category-economia"],"_links":{"self":[{"href":"https:\/\/diarioregionaldigital.com.br\/index.php?rest_route=\/wp\/v2\/posts\/92851","targetHints":{"allow":["GET"]}}],"collection":[{"href":"https:\/\/diarioregionaldigital.com.br\/index.php?rest_route=\/wp\/v2\/posts"}],"about":[{"href":"https:\/\/diarioregionaldigital.com.br\/index.php?rest_route=\/wp\/v2\/types\/post"}],"author":[{"embeddable":true,"href":"https:\/\/diarioregionaldigital.com.br\/index.php?rest_route=\/wp\/v2\/users\/96"}],"replies":[{"embeddable":true,"href":"https:\/\/diarioregionaldigital.com.br\/index.php?rest_route=%2Fwp%2Fv2%2Fcomments&post=92851"}],"version-history":[{"count":0,"href":"https:\/\/diarioregionaldigital.com.br\/index.php?rest_route=\/wp\/v2\/posts\/92851\/revisions"}],"wp:featuredmedia":[{"embeddable":true,"href":"https:\/\/diarioregionaldigital.com.br\/index.php?rest_route=\/wp\/v2\/media\/92850"}],"wp:attachment":[{"href":"https:\/\/diarioregionaldigital.com.br\/index.php?rest_route=%2Fwp%2Fv2%2Fmedia&parent=92851"}],"wp:term":[{"taxonomy":"category","embeddable":true,"href":"https:\/\/diarioregionaldigital.com.br\/index.php?rest_route=%2Fwp%2Fv2%2Fcategories&post=92851"},{"taxonomy":"post_tag","embeddable":true,"href":"https:\/\/diarioregionaldigital.com.br\/index.php?rest_route=%2Fwp%2Fv2%2Ftags&post=92851"}],"curies":[{"name":"wp","href":"https:\/\/api.w.org\/{rel}","templated":true}]}}