{"id":92849,"date":"2018-02-28T20:48:19","date_gmt":"2018-02-28T23:48:19","guid":{"rendered":"http:\/\/diarioregionaljf.com.br\/2018\/02\/28\/ocde-sugere-aposentadoria-menor-que-minimo-e-mais-verbas-para-o-bolsa-familia\/"},"modified":"2018-02-28T20:48:19","modified_gmt":"2018-02-28T23:48:19","slug":"ocde-sugere-aposentadoria-menor-que-minimo-e-mais-verbas-para-o-bolsa-familia","status":"publish","type":"post","link":"https:\/\/diarioregionaldigital.com.br\/?p=92849","title":{"rendered":"OCDE sugere aposentadoria menor que m\u00ednimo e mais verbas para o Bolsa Fam\u00edlia"},"content":{"rendered":"<p>Em relat\u00f3rio divulgado nesta quarta-feira, 28, a Organiza\u00e7\u00e3o para a Coopera\u00e7\u00e3o e Desenvolvimento Econ\u00f4mico (OCDE) recomendou benef\u00edcios previdenci\u00e1rios abaixo do sal\u00e1rio m\u00ednimo para equilibrar as contas do pa\u00eds. Na avalia\u00e7\u00e3o da organiza\u00e7\u00e3o, parte dos recursos economizados poderiam ser investidos no Bolsa Fam\u00edlia para reduzir a desigualdade social brasileira.<\/p>\n<p>&#8220;Um pacote de reformas que desconectasse o n\u00edvel do benef\u00edcio m\u00ednimo previdenci\u00e1rio do n\u00edvel do sal\u00e1rio m\u00ednimo e que, ao mesmo tempo, deslocasse pelo menos uma parte dessa economia para o Bolsa Fam\u00edlia poderia ter feito a desigualdade diminuir 63% mais rapidamente nos \u00faltimos anos&#8221;, diz o documento.<\/p>\n<p>De acordo com a OCDE, os benef\u00edcios sociais s\u00e3o respons\u00e1veis por mais da metade do aumento dos gastos prim\u00e1rios e continuam a aumentar em ritmo maior do que o crescimento do Produto Interno Bruto (PIB), soma das riquezas e servi\u00e7os produzidos pelo pa\u00eds. O Brasil gastou mais de 15% do PIB em benef\u00edcios sociais em 2016, correspondendo a 35% do total dos gastos do setor p\u00fablico.<\/p>\n<p>&#8220;V\u00e1rios desses programas s\u00e3o fundamentais para um crescimento mais inclusivo, mas muito pode ser feito para elevar o retorno social colocando o foco naqueles que mais precisam de apoio&#8221;, diz a organiza\u00e7\u00e3o.<\/p>\n<p>Em rela\u00e7\u00e3o \u00e0 Previd\u00eancia, o relat\u00f3rio diz que o alinhamento das regras previdenci\u00e1rias do Brasil com as regras praticadas pelos pa\u00edses da OCDE &#8220;implicaria uma previd\u00eancia m\u00ednima mais baixa do que o sal\u00e1rio m\u00ednimo, com elegibilidade de pens\u00f5es proporcionais para per\u00edodos mais curtos de contribui\u00e7\u00e3o&#8221;.<\/p>\n<p>Pela Constitui\u00e7\u00e3o brasileira, o valor n\u00e3o pode ser inferior ao do sal\u00e1rio m\u00ednimo, que atualmente \u00e9 R$954. Segundo a OCDE, o sal\u00e1rio m\u00ednimo no Brasil \u00e9 alto e 56% dos brasileiros recebem menos que esse valor. A organiza\u00e7\u00e3o argumenta que o sal\u00e1rio m\u00ednimo aumentou rapidamente ao longo dos anos e seu valor real \u00e9 agora 80% maior do que 15 atr\u00e1s, enquanto o PIB per capita aumentou apenas 23%.<\/p>\n<p>De acordo com a organiza\u00e7\u00e3o, a indexa\u00e7\u00e3o pelo sal\u00e1rio m\u00ednimo faz com que o benef\u00edcio cres\u00e7a mais para os mais ricos do que para os mais pobres, &#8220;resultando em que uma parte ainda maior dos benef\u00edcios ser\u00e1 paga a pessoas com renda acima da mediana, e n\u00e3o para os pobres&#8221;.<\/p>\n<p>A OCDE defende a indexa\u00e7\u00e3o dos benef\u00edcios previdenci\u00e1rios m\u00ednimos a um \u00edndice de pre\u00e7os ao consumidor de baixa renda, para preservar assim o poder de compra dos aposentados e pensionistas e, ao mesmo tempo, melhorar a sustentabilidade do sistema previdenci\u00e1rio.<\/p>\n<p>Tamb\u00e9m diz que a defini\u00e7\u00e3o formal de uma idade m\u00ednima para aposentadoria ajudaria a sustentabilidade, uma vez que as idades atuais de aposentadoria no Brasil, de 56 anos para os homens e 53 anos para as mulheres, est\u00e3o abaixo da idade de aposentadoria m\u00e9dia da OCDE, que \u00e9 66 anos para homens e mulheres. &#8220;O sistema previdenci\u00e1rio do Brasil custa quase 12% do PIB, o que \u00e9 alto, dado que a popula\u00e7\u00e3o do Brasil \u00e9 jovem&#8221;, diz o relat\u00f3rio.<\/p>\n<p>&nbsp;<\/p>\n<p>Fonte: Ag\u00eancia Brasil<\/p>\n","protected":false},"excerpt":{"rendered":"<p>Em relat\u00f3rio divulgado nesta quarta-feira, 28, a Organiza\u00e7\u00e3o para a Coopera\u00e7\u00e3o e Desenvolvimento Econ\u00f4mico (OCDE) recomendou benef\u00edcios previdenci\u00e1rios abaixo do sal\u00e1rio m\u00ednimo para equilibrar as contas do pa\u00eds. Na avalia\u00e7\u00e3o da organiza\u00e7\u00e3o, parte dos recursos economizados poderiam ser investidos no Bolsa Fam\u00edlia para reduzir a desigualdade social brasileira. &#8220;Um pacote de reformas que desconectasse o [&hellip;]<\/p>\n","protected":false},"author":96,"featured_media":92848,"comment_status":"closed","ping_status":"closed","sticky":false,"template":"","format":"standard","meta":{"footnotes":""},"categories":[261],"tags":[],"class_list":["post-92849","post","type-post","status-publish","format-standard","has-post-thumbnail","hentry","category-economia"],"_links":{"self":[{"href":"https:\/\/diarioregionaldigital.com.br\/index.php?rest_route=\/wp\/v2\/posts\/92849","targetHints":{"allow":["GET"]}}],"collection":[{"href":"https:\/\/diarioregionaldigital.com.br\/index.php?rest_route=\/wp\/v2\/posts"}],"about":[{"href":"https:\/\/diarioregionaldigital.com.br\/index.php?rest_route=\/wp\/v2\/types\/post"}],"author":[{"embeddable":true,"href":"https:\/\/diarioregionaldigital.com.br\/index.php?rest_route=\/wp\/v2\/users\/96"}],"replies":[{"embeddable":true,"href":"https:\/\/diarioregionaldigital.com.br\/index.php?rest_route=%2Fwp%2Fv2%2Fcomments&post=92849"}],"version-history":[{"count":0,"href":"https:\/\/diarioregionaldigital.com.br\/index.php?rest_route=\/wp\/v2\/posts\/92849\/revisions"}],"wp:featuredmedia":[{"embeddable":true,"href":"https:\/\/diarioregionaldigital.com.br\/index.php?rest_route=\/wp\/v2\/media\/92848"}],"wp:attachment":[{"href":"https:\/\/diarioregionaldigital.com.br\/index.php?rest_route=%2Fwp%2Fv2%2Fmedia&parent=92849"}],"wp:term":[{"taxonomy":"category","embeddable":true,"href":"https:\/\/diarioregionaldigital.com.br\/index.php?rest_route=%2Fwp%2Fv2%2Fcategories&post=92849"},{"taxonomy":"post_tag","embeddable":true,"href":"https:\/\/diarioregionaldigital.com.br\/index.php?rest_route=%2Fwp%2Fv2%2Ftags&post=92849"}],"curies":[{"name":"wp","href":"https:\/\/api.w.org\/{rel}","templated":true}]}}