{"id":92847,"date":"2018-02-28T20:44:24","date_gmt":"2018-02-28T23:44:24","guid":{"rendered":"http:\/\/diarioregionaljf.com.br\/2018\/02\/28\/cristiane-e-formiga-retornam-a-selecao-brasileira-de-futebol-feminino\/"},"modified":"2018-02-28T20:44:24","modified_gmt":"2018-02-28T23:44:24","slug":"cristiane-e-formiga-retornam-a-selecao-brasileira-de-futebol-feminino","status":"publish","type":"post","link":"https:\/\/diarioregionaldigital.com.br\/?p=92847","title":{"rendered":"Cristiane e Formiga retornam a Sele\u00e7\u00e3o Brasileira de Futebol Feminino"},"content":{"rendered":"<p>Ap\u00f3s informar que n\u00e3o vestiria mais a camisa da Sele\u00e7\u00e3o Brasileira, Cristiane voltou atr\u00e1s em sua decis\u00e3o. Nesta ter\u00e7a-feira, 27, a atacante revelou,&nbsp;por meio de suas redes sociais, que atendeu \u00e0 pedidos para retornar, inclusive do atual treinador da equipe.<\/p>\n<p>No ano passado, Cristiane, assim como outras jogadoras, comunicou sua despedida da Sele\u00e7\u00e3o ap\u00f3s a sa\u00edda de Emily Lima. Primeira mulher na hist\u00f3ria a comandar a equipe, a treinadora foi demitida por conta de uma sequ\u00eancia de resultados negativos. Al\u00e9m disso, outras quest\u00f5es foram levantadas pelas atletas, como uma maior valoriza\u00e7\u00e3o ao futebol feminino.<\/p>\n<p>\u201cO motivo da minha sa\u00edda foi um s\u00f3: tentar ajudar a modalidade de outra maneira, porque as meninas n\u00e3o estavam sendo ouvidas. O que me foi passado durante esse tempo fora \u00e9 que ao menos uma mulher foi contratada e est\u00e1 trabalhando em cada categoria de base. Colocaram uma mulher no grupo principal. Teremos reuni\u00f5es com o departamento financeiro, para que seja explicado para todas as meninas a quest\u00e3o do direito de imagem. \u00c9 suficiente? N\u00e3o. \u00c9 pouco, mas est\u00e3o fazendo. Me parece um bom come\u00e7o. Hoje n\u00e3o podemos falar que n\u00e3o est\u00e3o fazendo nada, ao menos est\u00e3o se movimentando,\u201d contou a atleta em suas redes sociais.<\/p>\n<p>Outra atleta que tinha anunciado sua aposentado da Sele\u00e7\u00e3o Brasileira em dezembro de 2016 e retornou a Sele\u00e7\u00e3o foi a meio-campista, Formiga. Acumulando 22 anos no selecion\u00e1vel verde e amarelo, a volante se colocou contra a demiss\u00e3o de Emily Lima, no \u00faltimo m\u00eas de setembro, mas optou por retornar ap\u00f3s conversar com o treinador, em janeiro.<\/p>\n<p>Na Sele\u00e7\u00e3o, Formiga estar\u00e1 ao lado da zagueira \u00c9rika, companheira de clube no Paris Saint Germain (PSG), da Fran\u00e7a. Outras jogadoras, como Marta, Rafaelle e Fabiana, tamb\u00e9m foram chamadas pela primeira vez no ano.<\/p>\n","protected":false},"excerpt":{"rendered":"<p>Ap\u00f3s informar que n\u00e3o vestiria mais a camisa da Sele\u00e7\u00e3o Brasileira, Cristiane voltou atr\u00e1s em sua decis\u00e3o. Nesta ter\u00e7a-feira, 27, a atacante revelou,&nbsp;por meio de suas redes sociais, que atendeu \u00e0 pedidos para retornar, inclusive do atual treinador da equipe. No ano passado, Cristiane, assim como outras jogadoras, comunicou sua despedida da Sele\u00e7\u00e3o ap\u00f3s a [&hellip;]<\/p>\n","protected":false},"author":96,"featured_media":92846,"comment_status":"closed","ping_status":"closed","sticky":false,"template":"","format":"standard","meta":{"footnotes":""},"categories":[257],"tags":[],"class_list":["post-92847","post","type-post","status-publish","format-standard","has-post-thumbnail","hentry","category-esporte"],"_links":{"self":[{"href":"https:\/\/diarioregionaldigital.com.br\/index.php?rest_route=\/wp\/v2\/posts\/92847","targetHints":{"allow":["GET"]}}],"collection":[{"href":"https:\/\/diarioregionaldigital.com.br\/index.php?rest_route=\/wp\/v2\/posts"}],"about":[{"href":"https:\/\/diarioregionaldigital.com.br\/index.php?rest_route=\/wp\/v2\/types\/post"}],"author":[{"embeddable":true,"href":"https:\/\/diarioregionaldigital.com.br\/index.php?rest_route=\/wp\/v2\/users\/96"}],"replies":[{"embeddable":true,"href":"https:\/\/diarioregionaldigital.com.br\/index.php?rest_route=%2Fwp%2Fv2%2Fcomments&post=92847"}],"version-history":[{"count":0,"href":"https:\/\/diarioregionaldigital.com.br\/index.php?rest_route=\/wp\/v2\/posts\/92847\/revisions"}],"wp:featuredmedia":[{"embeddable":true,"href":"https:\/\/diarioregionaldigital.com.br\/index.php?rest_route=\/wp\/v2\/media\/92846"}],"wp:attachment":[{"href":"https:\/\/diarioregionaldigital.com.br\/index.php?rest_route=%2Fwp%2Fv2%2Fmedia&parent=92847"}],"wp:term":[{"taxonomy":"category","embeddable":true,"href":"https:\/\/diarioregionaldigital.com.br\/index.php?rest_route=%2Fwp%2Fv2%2Fcategories&post=92847"},{"taxonomy":"post_tag","embeddable":true,"href":"https:\/\/diarioregionaldigital.com.br\/index.php?rest_route=%2Fwp%2Fv2%2Ftags&post=92847"}],"curies":[{"name":"wp","href":"https:\/\/api.w.org\/{rel}","templated":true}]}}