{"id":92843,"date":"2018-02-28T20:38:36","date_gmt":"2018-02-28T23:38:36","guid":{"rendered":"http:\/\/diarioregionaljf.com.br\/2018\/02\/28\/pela-taca-rio-flamengo-deve-enfrentar-o-boavista-em-juiz-de-fora\/"},"modified":"2018-02-28T20:38:36","modified_gmt":"2018-02-28T23:38:36","slug":"pela-taca-rio-flamengo-deve-enfrentar-o-boavista-em-juiz-de-fora","status":"publish","type":"post","link":"https:\/\/diarioregionaldigital.com.br\/?p=92843","title":{"rendered":"Pela Ta\u00e7a Rio, Flamengo deve enfrentar o Boavista em Juiz de Fora"},"content":{"rendered":"<p>Depois da decis\u00e3o da Ta\u00e7a Guanabara, quando o Flamengo venceu o Boavista por 2 a 0, os dois times est\u00e3o prestes a se reencontrar, de novo, fora do estado do Rio. O escolhido dessa vez foi o Est\u00e1dio Municipal Radialista M\u00e1rio Hel\u00eanio de Juiz de Fora.<\/p>\n<p>Mandante do confronto, o time da Regi\u00e3o dos Lagos, j\u00e1 comunicou que todas as partes envolvidas concordaram com o novo local da partida, que estava presvista para acontecer no Est\u00e1dio Elcyr Resende, em Bacax\u00e1. Faltando apenas formalidades, como a assinatura de documentos para confirmar o local.<\/p>\n<p>Na decis\u00e3o da Ta\u00e7a Guanabara, o confronto teve que ser transferido pois o Botafogo n\u00e3o cedeu o Engenh\u00e3o. Com um gol contra de Kanu e gol decisivo do Vin\u00edcius J\u00fanior, o Mais Querido levou mais uma ta\u00e7a para a G\u00e1vea. Flamengo e Boavista se enfrentam na pr\u00f3xima quarta-feira,7, \u00e0s 21h45 (hor\u00e1rio de Bras\u00edlia). O jogo ser\u00e1 v\u00e1lido pela Ta\u00e7a Rio, segundo turno do Campeonato Carioca.<\/p>\n","protected":false},"excerpt":{"rendered":"<p>Depois da decis\u00e3o da Ta\u00e7a Guanabara, quando o Flamengo venceu o Boavista por 2 a 0, os dois times est\u00e3o prestes a se reencontrar, de novo, fora do estado do Rio. O escolhido dessa vez foi o Est\u00e1dio Municipal Radialista M\u00e1rio Hel\u00eanio de Juiz de Fora. Mandante do confronto, o time da Regi\u00e3o dos Lagos, [&hellip;]<\/p>\n","protected":false},"author":96,"featured_media":92842,"comment_status":"closed","ping_status":"closed","sticky":false,"template":"","format":"standard","meta":{"footnotes":""},"categories":[257],"tags":[],"class_list":["post-92843","post","type-post","status-publish","format-standard","has-post-thumbnail","hentry","category-esporte"],"_links":{"self":[{"href":"https:\/\/diarioregionaldigital.com.br\/index.php?rest_route=\/wp\/v2\/posts\/92843","targetHints":{"allow":["GET"]}}],"collection":[{"href":"https:\/\/diarioregionaldigital.com.br\/index.php?rest_route=\/wp\/v2\/posts"}],"about":[{"href":"https:\/\/diarioregionaldigital.com.br\/index.php?rest_route=\/wp\/v2\/types\/post"}],"author":[{"embeddable":true,"href":"https:\/\/diarioregionaldigital.com.br\/index.php?rest_route=\/wp\/v2\/users\/96"}],"replies":[{"embeddable":true,"href":"https:\/\/diarioregionaldigital.com.br\/index.php?rest_route=%2Fwp%2Fv2%2Fcomments&post=92843"}],"version-history":[{"count":0,"href":"https:\/\/diarioregionaldigital.com.br\/index.php?rest_route=\/wp\/v2\/posts\/92843\/revisions"}],"wp:featuredmedia":[{"embeddable":true,"href":"https:\/\/diarioregionaldigital.com.br\/index.php?rest_route=\/wp\/v2\/media\/92842"}],"wp:attachment":[{"href":"https:\/\/diarioregionaldigital.com.br\/index.php?rest_route=%2Fwp%2Fv2%2Fmedia&parent=92843"}],"wp:term":[{"taxonomy":"category","embeddable":true,"href":"https:\/\/diarioregionaldigital.com.br\/index.php?rest_route=%2Fwp%2Fv2%2Fcategories&post=92843"},{"taxonomy":"post_tag","embeddable":true,"href":"https:\/\/diarioregionaldigital.com.br\/index.php?rest_route=%2Fwp%2Fv2%2Ftags&post=92843"}],"curies":[{"name":"wp","href":"https:\/\/api.w.org\/{rel}","templated":true}]}}