{"id":92839,"date":"2018-02-28T20:16:54","date_gmt":"2018-02-28T23:16:54","guid":{"rendered":"http:\/\/diarioregionaljf.com.br\/2018\/02\/28\/jungamann-anuncia-equipe-do-ministerio-da-seguranca-publica\/"},"modified":"2018-02-28T20:16:54","modified_gmt":"2018-02-28T23:16:54","slug":"jungamann-anuncia-equipe-do-ministerio-da-seguranca-publica","status":"publish","type":"post","link":"https:\/\/diarioregionaldigital.com.br\/?p=92839","title":{"rendered":"Jungamann anuncia equipe do Minist\u00e9rio da Seguran\u00e7a P\u00fablica"},"content":{"rendered":"<p>O ministro da Seguran\u00e7a P\u00fablica, Raul Jungmann, anunciou nessa quarta-feira, 28, os nomes que formar\u00e3o a equipe da pasta. O general Carlos Alberto Santos Cruz acumular\u00e1 a Secretaria-Executiva e a Secretaria Nacional de Seguran\u00e7a P\u00fablica; o diplomata Alessandro Candeas ser\u00e1 o chefe de gabinete; o delegado Rog\u00e9rio Galloro ser\u00e1 o diretor da Pol\u00edcia Federal; Renato Borges Dias fica na dire\u00e7\u00e3o da Pol\u00edcia Rodovi\u00e1ria Federal, e Carlos Felipe de Alencastro, diretor do Departamento Penitenci\u00e1rio Nacional. O Minist\u00e9rio foi criado por Medida Provis\u00f3ria na ter\u00e7a-feira, 27, pelo presidente Michel Temer.<\/p>\n<p>Fonte: Ag\u00eancia Brasil<\/p>\n","protected":false},"excerpt":{"rendered":"<p>O ministro da Seguran\u00e7a P\u00fablica, Raul Jungmann, anunciou nessa quarta-feira, 28, os nomes que formar\u00e3o a equipe da pasta. O general Carlos Alberto Santos Cruz acumular\u00e1 a Secretaria-Executiva e a Secretaria Nacional de Seguran\u00e7a P\u00fablica; o diplomata Alessandro Candeas ser\u00e1 o chefe de gabinete; o delegado Rog\u00e9rio Galloro ser\u00e1 o diretor da Pol\u00edcia Federal; Renato [&hellip;]<\/p>\n","protected":false},"author":96,"featured_media":92838,"comment_status":"closed","ping_status":"closed","sticky":false,"template":"","format":"standard","meta":{"footnotes":""},"categories":[254],"tags":[],"class_list":["post-92839","post","type-post","status-publish","format-standard","has-post-thumbnail","hentry","category-politica"],"_links":{"self":[{"href":"https:\/\/diarioregionaldigital.com.br\/index.php?rest_route=\/wp\/v2\/posts\/92839","targetHints":{"allow":["GET"]}}],"collection":[{"href":"https:\/\/diarioregionaldigital.com.br\/index.php?rest_route=\/wp\/v2\/posts"}],"about":[{"href":"https:\/\/diarioregionaldigital.com.br\/index.php?rest_route=\/wp\/v2\/types\/post"}],"author":[{"embeddable":true,"href":"https:\/\/diarioregionaldigital.com.br\/index.php?rest_route=\/wp\/v2\/users\/96"}],"replies":[{"embeddable":true,"href":"https:\/\/diarioregionaldigital.com.br\/index.php?rest_route=%2Fwp%2Fv2%2Fcomments&post=92839"}],"version-history":[{"count":0,"href":"https:\/\/diarioregionaldigital.com.br\/index.php?rest_route=\/wp\/v2\/posts\/92839\/revisions"}],"wp:featuredmedia":[{"embeddable":true,"href":"https:\/\/diarioregionaldigital.com.br\/index.php?rest_route=\/wp\/v2\/media\/92838"}],"wp:attachment":[{"href":"https:\/\/diarioregionaldigital.com.br\/index.php?rest_route=%2Fwp%2Fv2%2Fmedia&parent=92839"}],"wp:term":[{"taxonomy":"category","embeddable":true,"href":"https:\/\/diarioregionaldigital.com.br\/index.php?rest_route=%2Fwp%2Fv2%2Fcategories&post=92839"},{"taxonomy":"post_tag","embeddable":true,"href":"https:\/\/diarioregionaldigital.com.br\/index.php?rest_route=%2Fwp%2Fv2%2Ftags&post=92839"}],"curies":[{"name":"wp","href":"https:\/\/api.w.org\/{rel}","templated":true}]}}