{"id":92837,"date":"2018-02-28T20:08:52","date_gmt":"2018-02-28T23:08:52","guid":{"rendered":"http:\/\/diarioregionaljf.com.br\/2018\/02\/28\/ccj-do-senado-aprova-projeto-que-eleva-pena-para-injuria-por-questoes-de-genero\/"},"modified":"2018-02-28T20:08:52","modified_gmt":"2018-02-28T23:08:52","slug":"ccj-do-senado-aprova-projeto-que-eleva-pena-para-injuria-por-questoes-de-genero","status":"publish","type":"post","link":"https:\/\/diarioregionaldigital.com.br\/?p=92837","title":{"rendered":"CCJ do Senado aprova projeto que eleva pena para inj\u00faria por quest\u00f5es de g\u00eanero"},"content":{"rendered":"<p>Inj\u00farias praticadas por quest\u00f5es de g\u00eanero e de orienta\u00e7\u00e3o sexual s\u00e3o crimes que podem ser agravados. \u00c9 o que prev\u00ea projeto de lei (PLS) da senadora Gleisi Hoffmann (PT-PR), aprovado em decis\u00e3o terminativa pela Comiss\u00e3o de Constitui\u00e7\u00e3o e Justi\u00e7a (CCJ) do Senado nessa quarta-feira, 28.<\/p>\n<p>Atualmente, o C\u00f3digo Penal pune o ato de injuriar algu\u00e9m, com ofensas \u00e0 dignidade ou ao decoro da v\u00edtima, com deten\u00e7\u00e3o de um a seis meses ou multa. A novidade \u00e9 que o PLS 291\/2015 altera o dispositivo que estabelece como agravante desse crime o uso de elementos referentes a ra\u00e7a, cor, etnia, religi\u00e3o, origem ou condi\u00e7\u00e3o de pessoa idosa ou com defici\u00eancia, acrescentando a quest\u00e3o de g\u00eanero entre esses agravantes.<\/p>\n<p>Emenda da relatora, senadora Marta Suplicy (MDB-SP), inclui ainda a orienta\u00e7\u00e3o sexual ou a identidade de g\u00eanero. Em todos os casos, a pena por inj\u00faria \u00e9 de um a tr\u00eas anos de reclus\u00e3o mais multa. Caso n\u00e3o seja apresentado nenhum recurso para que seja votado pelo plen\u00e1rio do Senado, o texto seguir\u00e1 para a C\u00e2mara dos Deputados.<\/p>\n<p>Ao defender a inclus\u00e3o de orienta\u00e7\u00e3o sexual e identidade de g\u00eanero por causa do aumento dos casos de discursos de \u00f3dio e das atitudes e a\u00e7\u00f5es contra pessoas que se identificam com o grupo LGBT (l\u00e9sbicas, gays, bissexuais e transg\u00eaneros) verificadas nos \u00faltimos anos no Brasil, a senadora disse que espera que a pr\u00e1tica diminua.<\/p>\n<p>\u201cEspera-se desestimular a pr\u00e1tica desse delito que gera grande indigna\u00e7\u00e3o e se constitui numa verdadeira viol\u00eancia moral, que atinge em cheio sua autoestima e se constitui numa viol\u00eancia verbalizada, t\u00e3o grave e lament\u00e1vel, pois resulta na nulifica\u00e7\u00e3o psicol\u00f3gica dos ofendidos e, muitas vezes, no pren\u00fancio da viol\u00eancia f\u00edsica, com graves agress\u00f5es, quando n\u00e3o a morte das v\u00edtimas\u201d, afirmou Marta Suplicy.<\/p>\n<p>Fonte: Ag\u00eancia Brasil<\/p>\n","protected":false},"excerpt":{"rendered":"<p>Inj\u00farias praticadas por quest\u00f5es de g\u00eanero e de orienta\u00e7\u00e3o sexual s\u00e3o crimes que podem ser agravados. \u00c9 o que prev\u00ea projeto de lei (PLS) da senadora Gleisi Hoffmann (PT-PR), aprovado em decis\u00e3o terminativa pela Comiss\u00e3o de Constitui\u00e7\u00e3o e Justi\u00e7a (CCJ) do Senado nessa quarta-feira, 28. Atualmente, o C\u00f3digo Penal pune o ato de injuriar algu\u00e9m, [&hellip;]<\/p>\n","protected":false},"author":96,"featured_media":92836,"comment_status":"closed","ping_status":"closed","sticky":false,"template":"","format":"standard","meta":{"footnotes":""},"categories":[254],"tags":[],"class_list":["post-92837","post","type-post","status-publish","format-standard","has-post-thumbnail","hentry","category-politica"],"_links":{"self":[{"href":"https:\/\/diarioregionaldigital.com.br\/index.php?rest_route=\/wp\/v2\/posts\/92837","targetHints":{"allow":["GET"]}}],"collection":[{"href":"https:\/\/diarioregionaldigital.com.br\/index.php?rest_route=\/wp\/v2\/posts"}],"about":[{"href":"https:\/\/diarioregionaldigital.com.br\/index.php?rest_route=\/wp\/v2\/types\/post"}],"author":[{"embeddable":true,"href":"https:\/\/diarioregionaldigital.com.br\/index.php?rest_route=\/wp\/v2\/users\/96"}],"replies":[{"embeddable":true,"href":"https:\/\/diarioregionaldigital.com.br\/index.php?rest_route=%2Fwp%2Fv2%2Fcomments&post=92837"}],"version-history":[{"count":0,"href":"https:\/\/diarioregionaldigital.com.br\/index.php?rest_route=\/wp\/v2\/posts\/92837\/revisions"}],"wp:featuredmedia":[{"embeddable":true,"href":"https:\/\/diarioregionaldigital.com.br\/index.php?rest_route=\/wp\/v2\/media\/92836"}],"wp:attachment":[{"href":"https:\/\/diarioregionaldigital.com.br\/index.php?rest_route=%2Fwp%2Fv2%2Fmedia&parent=92837"}],"wp:term":[{"taxonomy":"category","embeddable":true,"href":"https:\/\/diarioregionaldigital.com.br\/index.php?rest_route=%2Fwp%2Fv2%2Fcategories&post=92837"},{"taxonomy":"post_tag","embeddable":true,"href":"https:\/\/diarioregionaldigital.com.br\/index.php?rest_route=%2Fwp%2Fv2%2Ftags&post=92837"}],"curies":[{"name":"wp","href":"https:\/\/api.w.org\/{rel}","templated":true}]}}