{"id":92835,"date":"2018-02-28T19:56:20","date_gmt":"2018-02-28T22:56:20","guid":{"rendered":"http:\/\/diarioregionaljf.com.br\/2018\/02\/28\/carro-sobe-em-calcada-e-atropela-dois-idosos-no-centro-de-muriae\/"},"modified":"2018-02-28T19:56:20","modified_gmt":"2018-02-28T22:56:20","slug":"carro-sobe-em-calcada-e-atropela-dois-idosos-no-centro-de-muriae","status":"publish","type":"post","link":"https:\/\/diarioregionaldigital.com.br\/?p=92835","title":{"rendered":"Carro sobe em cal\u00e7ada e atropela dois idosos no centro de Muria\u00e9"},"content":{"rendered":"<p>Um autom\u00f3vel subiu na cal\u00e7ada da Rua Dr. Silveira Brum, no centro de Muria\u00e9 (a aproximadamente de 158Km de Juiz de Fora), e atropelou dois idosos que estavam na fila de um banco, no in\u00edcio da manh\u00e3 desta quarta-feira, 28. Um das v\u00edtimas apresentava suspeita de fratura nas duas pernas, enquanto a outra sofreu les\u00e3o leve na perna esquerda. Ambas foram socorridas pelo Corpo de Bombeiros ao Hospital S\u00e3o Paulo (HSP).<\/p>\n<p>A Pol\u00edcia Militar (PM) foi acionada e a condutora do ve\u00edculo acompanhou o trabalho de socorro. No local, o sargento Jos\u00e9 Roberto informou que a mulher relatou que estava indo para o trabalho e que, ao estacionar o carro em uma vaga de 90\u00b0, n\u00e3o conseguiu frear e o ve\u00edculo subiu na cal\u00e7ada, atingindo os idosos. Um deles foi prensado contra a parede de um im\u00f3vel.<\/p>\n<p>Conforme o militar, a mulher contou que ap\u00f3s o atropelamento deu r\u00e9 rapidamente e em seguida acionou o socorro, telefonando para os bombeiros. O sargento ainda confirmou que n\u00e3o h\u00e1 irregularidades em rela\u00e7\u00e3o \u00e0 documenta\u00e7\u00e3o do autom\u00f3vel e da motorista.<\/p>\n<p>Dezenas de populares se aglomeraram no local e a PM assumiu o registro da ocorr\u00eancia.<\/p>\n<p>&nbsp;<\/p>\n<p>Fonte: R\u00e1dio Muria\u00e9<\/p>\n","protected":false},"excerpt":{"rendered":"<p>Um autom\u00f3vel subiu na cal\u00e7ada da Rua Dr. Silveira Brum, no centro de Muria\u00e9 (a aproximadamente de 158Km de Juiz de Fora), e atropelou dois idosos que estavam na fila de um banco, no in\u00edcio da manh\u00e3 desta quarta-feira, 28. Um das v\u00edtimas apresentava suspeita de fratura nas duas pernas, enquanto a outra sofreu les\u00e3o [&hellip;]<\/p>\n","protected":false},"author":96,"featured_media":92834,"comment_status":"closed","ping_status":"closed","sticky":false,"template":"","format":"standard","meta":{"footnotes":""},"categories":[252],"tags":[],"class_list":["post-92835","post","type-post","status-publish","format-standard","has-post-thumbnail","hentry","category-regiao"],"_links":{"self":[{"href":"https:\/\/diarioregionaldigital.com.br\/index.php?rest_route=\/wp\/v2\/posts\/92835","targetHints":{"allow":["GET"]}}],"collection":[{"href":"https:\/\/diarioregionaldigital.com.br\/index.php?rest_route=\/wp\/v2\/posts"}],"about":[{"href":"https:\/\/diarioregionaldigital.com.br\/index.php?rest_route=\/wp\/v2\/types\/post"}],"author":[{"embeddable":true,"href":"https:\/\/diarioregionaldigital.com.br\/index.php?rest_route=\/wp\/v2\/users\/96"}],"replies":[{"embeddable":true,"href":"https:\/\/diarioregionaldigital.com.br\/index.php?rest_route=%2Fwp%2Fv2%2Fcomments&post=92835"}],"version-history":[{"count":0,"href":"https:\/\/diarioregionaldigital.com.br\/index.php?rest_route=\/wp\/v2\/posts\/92835\/revisions"}],"wp:featuredmedia":[{"embeddable":true,"href":"https:\/\/diarioregionaldigital.com.br\/index.php?rest_route=\/wp\/v2\/media\/92834"}],"wp:attachment":[{"href":"https:\/\/diarioregionaldigital.com.br\/index.php?rest_route=%2Fwp%2Fv2%2Fmedia&parent=92835"}],"wp:term":[{"taxonomy":"category","embeddable":true,"href":"https:\/\/diarioregionaldigital.com.br\/index.php?rest_route=%2Fwp%2Fv2%2Fcategories&post=92835"},{"taxonomy":"post_tag","embeddable":true,"href":"https:\/\/diarioregionaldigital.com.br\/index.php?rest_route=%2Fwp%2Fv2%2Ftags&post=92835"}],"curies":[{"name":"wp","href":"https:\/\/api.w.org\/{rel}","templated":true}]}}